{"id":68992,"date":"2026-03-10T22:05:23","date_gmt":"2026-03-11T01:05:23","guid":{"rendered":"https:\/\/hablemosclarotdf.com.ar\/?p=68992"},"modified":"2026-03-10T22:05:23","modified_gmt":"2026-03-11T01:05:23","slug":"ushuaia-el-intendente-tiene-la-voluntad-de-seguir-con-la-obra-publica-afirmo-yutrovic","status":"publish","type":"post","link":"https:\/\/hablemosclarotdf.com.ar\/?p=68992","title":{"rendered":"USHUAIA : \u201cEL INTENDENTE TIENE LA VOLUNTAD DE SEGUIR CON LA OBRA P\u00daBLICA\u201d, AFIRM\u00d3 YUTROVIC"},"content":{"rendered":"<p>La secretaria de Planificaci\u00f3n e Inversi\u00f3n P\u00fablica de la Municipalidad de Ushuaia, Carolina Yutrovic, destac\u00f3 el avance de los trabajos de repavimentaci\u00f3n y de otros proyectos que se llevan adelante en la ciudad, y afirm\u00f3 que el intendente Walter Vuoto \u201ctiene la voluntad de seguir con la obra p\u00fablica\u201d pese a la crisis econ\u00f3mica y la consecuente ca\u00edda de recursos.<br \/>\n\u201cHay que tener en cuenta la situaci\u00f3n econ\u00f3mica, hubo una fuerte retracci\u00f3n en el ingreso de fondos y adem\u00e1s tenemos un presupuesto reconducido\u201d, explic\u00f3.<br \/>\nMencion\u00f3 que en 2025 \u201cel Municipio se qued\u00f3 sin partidas presupuestarias para obras dos meses antes de que termine el a\u00f1o\u201d, y por ello \u201ctuvimos que esperar a enero para iniciar trabajos que hoy estar\u00edan concluidos\u201d.<br \/>\nEn esa l\u00ednea, valor\u00f3 que pese a la retracci\u00f3n de los fondos nacionales \u201cel intendente tiene la voluntad de seguir interviniendo con obra p\u00fablica en una ciudad con tantas complejidades, y el compromiso es que con los recursos que tengamos vamos a hacer lo mejor posible para Ushuaia y los vecinos\u201d.<br \/>\nConsultada en Radio Provincia sobre la marcha de los trabajos de recuperaci\u00f3n vial, expres\u00f3 que Vuoto \u201cnos encomend\u00f3 optimizar la temporada estival y pudimos llevar adelante dos obras fundamentales que est\u00e1n a cargo del sector privado tras la correspondiente licitaci\u00f3n, adem\u00e1s de los trabajos que realizamos con personal y maquinaria propia, y con nuestra planta de asfalto\u201d.<br \/>\nLa funcionaria detall\u00f3 que \u201cen el centro de la ciudad, en el que se concentra la mayor circulaci\u00f3n por la actividad tur\u00edstica, comercial e institucional, tenemos un avance del 70% incluyendo la repavimentaci\u00f3n con asfalto y tambi\u00e9n con hormig\u00f3n, que lleva m\u00e1s tiempo de fraguado\u201d.<br \/>\nParalelamente, \u201cla repavimentaci\u00f3n del circuito sanitario, en el que se encuentran los principales establecimientos de salud de la ciudad, registra un avance del 90%\u201d.<br \/>\nPor \u00faltimo, Yutrovic hizo hincapi\u00e9 en que \u201cadem\u00e1s de la repavimentaci\u00f3n avanzamos con obras como la de la pasarela Fique, la puesta en valor del ingreso a la ciudad y la terminaci\u00f3n del albergue para personas en situaci\u00f3n de violencia de g\u00e9nero, y reactivamos proyectos como el del Paseo Costero 1 y la residencia del adulto mayor\u201d.<\/p>\n<p><img loading=\"lazy\" decoding=\"async\" class=\"alignnone size-medium wp-image-68994\" src=\"https:\/\/hablemosclarotdf.com.ar\/wp-content\/uploads\/2026\/03\/photo_2026-03-10_22-04-23-300x200.jpg\" alt=\"\" width=\"300\" height=\"200\" srcset=\"https:\/\/hablemosclarotdf.com.ar\/wp-content\/uploads\/2026\/03\/photo_2026-03-10_22-04-23-300x200.jpg 300w, https:\/\/hablemosclarotdf.com.ar\/wp-content\/uploads\/2026\/03\/photo_2026-03-10_22-04-23-1024x683.jpg 1024w, https:\/\/hablemosclarotdf.com.ar\/wp-content\/uploads\/2026\/03\/photo_2026-03-10_22-04-23-768x512.jpg 768w, https:\/\/hablemosclarotdf.com.ar\/wp-content\/uploads\/2026\/03\/photo_2026-03-10_22-04-23.jpg 1280w\" sizes=\"auto, (max-width: 300px) 100vw, 300px\" \/> <img loading=\"lazy\" decoding=\"async\" class=\"alignnone size-medium wp-image-68995\" src=\"https:\/\/hablemosclarotdf.com.ar\/wp-content\/uploads\/2026\/03\/photo_2026-03-10_22-04-27-300x200.jpg\" alt=\"\" width=\"300\" height=\"200\" srcset=\"https:\/\/hablemosclarotdf.com.ar\/wp-content\/uploads\/2026\/03\/photo_2026-03-10_22-04-27-300x200.jpg 300w, https:\/\/hablemosclarotdf.com.ar\/wp-content\/uploads\/2026\/03\/photo_2026-03-10_22-04-27-1024x683.jpg 1024w, https:\/\/hablemosclarotdf.com.ar\/wp-content\/uploads\/2026\/03\/photo_2026-03-10_22-04-27-768x512.jpg 768w, https:\/\/hablemosclarotdf.com.ar\/wp-content\/uploads\/2026\/03\/photo_2026-03-10_22-04-27.jpg 1280w\" sizes=\"auto, (max-width: 300px) 100vw, 300px\" \/><\/p>\n","protected":false},"excerpt":{"rendered":"<p>La secretaria de Planificaci\u00f3n e Inversi\u00f3n P\u00fablica de la Municipalidad de Ushuaia, Carolina Yutrovic, destac\u00f3&#8230;<\/p>\n","protected":false},"author":1,"featured_media":68993,"comment_status":"closed","ping_status":"closed","sticky":false,"template":"","format":"standard","meta":{"footnotes":""},"categories":[3],"tags":[],"class_list":["post-68992","post","type-post","status-publish","format-standard","has-post-thumbnail","hentry","category-noticias"],"jetpack_featured_media_url":"https:\/\/hablemosclarotdf.com.ar\/wp-content\/uploads\/2026\/03\/photo_2026-03-10_22-04-19.jpg","_links":{"self":[{"href":"https:\/\/hablemosclarotdf.com.ar\/index.php?rest_route=\/wp\/v2\/posts\/68992","targetHints":{"allow":["GET"]}}],"collection":[{"href":"https:\/\/hablemosclarotdf.com.ar\/index.php?rest_route=\/wp\/v2\/posts"}],"about":[{"href":"https:\/\/hablemosclarotdf.com.ar\/index.php?rest_route=\/wp\/v2\/types\/post"}],"author":[{"embeddable":true,"href":"https:\/\/hablemosclarotdf.com.ar\/index.php?rest_route=\/wp\/v2\/users\/1"}],"replies":[{"embeddable":true,"href":"https:\/\/hablemosclarotdf.com.ar\/index.php?rest_route=%2Fwp%2Fv2%2Fcomments&post=68992"}],"version-history":[{"count":1,"href":"https:\/\/hablemosclarotdf.com.ar\/index.php?rest_route=\/wp\/v2\/posts\/68992\/revisions"}],"predecessor-version":[{"id":68996,"href":"https:\/\/hablemosclarotdf.com.ar\/index.php?rest_route=\/wp\/v2\/posts\/68992\/revisions\/68996"}],"wp:featuredmedia":[{"embeddable":true,"href":"https:\/\/hablemosclarotdf.com.ar\/index.php?rest_route=\/wp\/v2\/media\/68993"}],"wp:attachment":[{"href":"https:\/\/hablemosclarotdf.com.ar\/index.php?rest_route=%2Fwp%2Fv2%2Fmedia&parent=68992"}],"wp:term":[{"taxonomy":"category","embeddable":true,"href":"https:\/\/hablemosclarotdf.com.ar\/index.php?rest_route=%2Fwp%2Fv2%2Fcategories&post=68992"},{"taxonomy":"post_tag","embeddable":true,"href":"https:\/\/hablemosclarotdf.com.ar\/index.php?rest_route=%2Fwp%2Fv2%2Ftags&post=68992"}],"curies":[{"name":"wp","href":"https:\/\/api.w.org\/{rel}","templated":true}]}}