{"id":68651,"date":"2026-03-07T12:23:52","date_gmt":"2026-03-07T15:23:52","guid":{"rendered":"https:\/\/hablemosclarotdf.com.ar\/?p=68651"},"modified":"2026-03-07T12:23:52","modified_gmt":"2026-03-07T15:23:52","slug":"rio-grande-llega-un-nuevo-fin-de-semana-con-diferentes-propuestas-para-disfrutar","status":"publish","type":"post","link":"https:\/\/hablemosclarotdf.com.ar\/?p=68651","title":{"rendered":"RIO GRANDE : LLEGA UN NUEVO FIN DE SEMANA CON DIFERENTES PROPUESTAS PARA DISFRUTAR"},"content":{"rendered":"<p>VISIT\u00c1 EL MUSEO MUNICIPAL VIRGINIA CHOQUINTEL<\/p>\n<p>De lunes a viernes de 9 a 17 horas y los s\u00e1bados de 15:00 a 18:00, el Museo (Alberdi 555) abre sus puertas para que vecinos y vecinas aprendan sobre la Causa Malvinas; los pueblos originarios; el \u00e1rea de Ciencias Naturales con la biodiversidad fueguina; los ambientes marinos y terrestres; el sector de Historia con los principales sucesos hist\u00f3ricos de la ciudad y otros aspectos que son parte de nuestra identidad riograndense.<\/p>\n<p>\u201cRGA ALIMENTOS\u201d EN EL PASEO CANTO DEL VIENTO<\/p>\n<p>El punto de venta, ubicado en Fagnano 650, abre sus puertas de martes a s\u00e1bado de 10 a 20 horas; mientras que el domingo el horario ser\u00e1 de 10 a 13 horas. Durante el fin de semana los y las riograndenses podr\u00e1n adquirir tomates frescos de la marca local \u201cRGA Alimentos\u201d, as\u00ed como alimentos de productores locales como pescado, carne porcina, huevos y hortalizas.<\/p>\n<p>\u201cMERCADO DEL ATL\u00c1NTICO\u201d EN EL PASEO<\/p>\n<p>Este espacio, ubicado en Fagnano 650, atender\u00e1 este viernes, de 10 a 16 horas, mientras que el s\u00e1bado y el domingo, desde las 16 hasta las 20 horas. All\u00ed la comunidad podr\u00e1 encontrar productos elaborados por emprendedores, artesanos y productores locales.<\/p>\n<p>CINE DEBATE &#8220;MOONBIRD: EL \u00daLTIMO VUELO&#8221;<\/p>\n<p>La propuesta ser\u00e1 este viernes en el Centro de Interpretaci\u00f3n Ambiental, Ruta N\u00ba3 frente al barrio Las Barrancas a las 14 horas, donde se proyectar\u00e1 &#8220;Moonbird: El \u00faltimo vuelo&#8221;, un cortometraje animado que narra la extraordinaria traves\u00eda del legendario playero rojizo B-95, conocido como Moonbird. Quienes est\u00e9n interesados en ser parte de la propuesta podr\u00e1n inscribirse presencialmente en el CIA o comunicarse al tel\u00e9fono 436200, Interno 5044.<\/p>\n<p>DISFRUT\u00c1 DE LA CALESITA DE ZONA SUR<\/p>\n<p>Este divertido espacio destinado a la recreaci\u00f3n y entretenimiento de las infancias de la ciudad se encuentra ubicado en Rafaela Ishton y Tolhuin. La calesita est\u00e1 abierta de mi\u00e9rcoles a domingos, desde las 15:30 hasta las 19 horas, con entrada libre y gratuita. El funcionamiento de la misma est\u00e1 sujeta a las condiciones clim\u00e1ticas.<\/p>\n<p>RECORRE EL PASEO CANTO DEL VIENTO<\/p>\n<p>Este viernes, s\u00e1bado y domingo, el Paseo \u201cCanto del Viento\u201d, ubicado en Fagnano 650, abrir\u00e1 sus puertas, de 16 a 20 horas, para que las vecinas y vecinos disfruten de un entretenido recorrido que incluye stands con emprendedores locales, artesanos y manualistas de nuestra ciudad.<\/p>\n<p>CICLO DE CINE POR LA MEMORIA<\/p>\n<p>En el marco de los 50 a\u00f1os del golpe c\u00edvico-militar de 1976, el Museo Virginia Choquintel (Alberdi 555) proyectar\u00e1 \u201cDispararon al pianista\u201d, una pel\u00edcula de animaci\u00f3n docudrama de 2023 que narra la desaparici\u00f3n del pianista brasile\u00f1o Tenorio J\u00fanior en el contexto de la dictadura argentina. Ser\u00e1 este viernes 6 a las 19:00 con entrada libre y gratuita, destinada para mayores de 13 a\u00f1os.<\/p>\n<p>\u201cPATIO GASTRON\u00d3MICO\u201d<\/p>\n<p>El Parque de los 100 A\u00f1os es escenario de diferentes actividades durante el fin de semana donde las vecinas y vecinos se encontrar\u00e1n con un patio gastron\u00f3mico y cultural, a partir de las 20 horas. Respecto a los espect\u00e1culos, este viernes se presentar\u00e1n \u201cMosaico\u201d y \u201cQue lo baile la vecina\u201d. Mientras que el s\u00e1bado se realizar\u00e1 una \u201cNoche de Pe\u00f1a\u201d a cargo de La Sanata, D\u00fao Ayl\u00e9n Prado &#8211; Jos\u00e9 Ramos y Joaqu\u00edn Gonz\u00e1lez.<\/p>\n<p>TARDES DE BARRIO<\/p>\n<p>El s\u00e1bado 7 marzo, a partir de las 16 horas, se llevar\u00e1 a cabo una tarde de actividades recreativas en la plaza del Barrio Pujato, ubicada en Cabo 1\u00ba G\u00f3mez y Puget. Durante la jornada habr\u00e1 juegos, cosas ricas para compartir con los presentes y muchas sorpresas. La actividad est\u00e1 sujeta a las condiciones clim\u00e1ticas.<\/p>\n<p>HACIENDO COMUNIDAD \u2013 CAMINO AL 8M<\/p>\n<p>En el marco del D\u00eda de la Mujer Trabajadora, se presentar\u00e1 este s\u00e1bado 7 a las 17:00 la muestra fotogr\u00e1fica \u201cHacedoras de lo cotidiano\u201d: una mirada sobre mujeres que trabajan y construyen comunidad. Adem\u00e1s, en el lugar se llevar\u00e1 adelante un taller para las vecinas que participen.<\/p>\n<p>JORNADA SOLIDARIA: CORTE DE PELO CON BRAILIN BARBER<\/p>\n<p>Destinada a ni\u00f1os y j\u00f3venes de entre 2 a 15 a\u00f1os, la jornada solidaria se desarrollar\u00e1 este domingo 8 en el Espacio Joven Zona Sur, ubicado en El Alambrador 204, de 15 a 19 horas. La propuesta se realiza junto a \u201cBrailin Barber Shop\u201d.<\/p>\n","protected":false},"excerpt":{"rendered":"<p>VISIT\u00c1 EL MUSEO MUNICIPAL VIRGINIA CHOQUINTEL De lunes a viernes de 9 a 17 horas&#8230;<\/p>\n","protected":false},"author":1,"featured_media":68652,"comment_status":"closed","ping_status":"closed","sticky":false,"template":"","format":"standard","meta":{"footnotes":""},"categories":[3],"tags":[],"class_list":["post-68651","post","type-post","status-publish","format-standard","has-post-thumbnail","hentry","category-noticias"],"jetpack_featured_media_url":"https:\/\/hablemosclarotdf.com.ar\/wp-content\/uploads\/2026\/03\/photo_2026-03-07_12-21-34.jpg","_links":{"self":[{"href":"https:\/\/hablemosclarotdf.com.ar\/index.php?rest_route=\/wp\/v2\/posts\/68651","targetHints":{"allow":["GET"]}}],"collection":[{"href":"https:\/\/hablemosclarotdf.com.ar\/index.php?rest_route=\/wp\/v2\/posts"}],"about":[{"href":"https:\/\/hablemosclarotdf.com.ar\/index.php?rest_route=\/wp\/v2\/types\/post"}],"author":[{"embeddable":true,"href":"https:\/\/hablemosclarotdf.com.ar\/index.php?rest_route=\/wp\/v2\/users\/1"}],"replies":[{"embeddable":true,"href":"https:\/\/hablemosclarotdf.com.ar\/index.php?rest_route=%2Fwp%2Fv2%2Fcomments&post=68651"}],"version-history":[{"count":1,"href":"https:\/\/hablemosclarotdf.com.ar\/index.php?rest_route=\/wp\/v2\/posts\/68651\/revisions"}],"predecessor-version":[{"id":68653,"href":"https:\/\/hablemosclarotdf.com.ar\/index.php?rest_route=\/wp\/v2\/posts\/68651\/revisions\/68653"}],"wp:featuredmedia":[{"embeddable":true,"href":"https:\/\/hablemosclarotdf.com.ar\/index.php?rest_route=\/wp\/v2\/media\/68652"}],"wp:attachment":[{"href":"https:\/\/hablemosclarotdf.com.ar\/index.php?rest_route=%2Fwp%2Fv2%2Fmedia&parent=68651"}],"wp:term":[{"taxonomy":"category","embeddable":true,"href":"https:\/\/hablemosclarotdf.com.ar\/index.php?rest_route=%2Fwp%2Fv2%2Fcategories&post=68651"},{"taxonomy":"post_tag","embeddable":true,"href":"https:\/\/hablemosclarotdf.com.ar\/index.php?rest_route=%2Fwp%2Fv2%2Ftags&post=68651"}],"curies":[{"name":"wp","href":"https:\/\/api.w.org\/{rel}","templated":true}]}}