{"id":68632,"date":"2026-03-06T20:14:42","date_gmt":"2026-03-06T23:14:42","guid":{"rendered":"https:\/\/hablemosclarotdf.com.ar\/?p=68632"},"modified":"2026-03-06T20:14:42","modified_gmt":"2026-03-06T23:14:42","slug":"el-gobernador-gustavo-melella-convoco-a-gremios-estatales-a-una-reunion-el-proximo-miercoles","status":"publish","type":"post","link":"https:\/\/hablemosclarotdf.com.ar\/?p=68632","title":{"rendered":"EL GOBERNADOR GUSTAVO MELELLA CONVOC\u00d3 A GREMIOS ESTATALES A UNA REUNI\u00d3N EL PR\u00d3XIMO MI\u00c9RCOLES"},"content":{"rendered":"<p>El Gobernador Gustavo Melella convoc\u00f3 para el pr\u00f3ximo mi\u00e9rcoles 11 de marzo a representantes de los gremios ATE, UPCN, SUTEF y ATSA, con la premisa de mantener un encuentro desde las 10:30h en Casa de Gobierno en la ciudad de Ushuaia.<\/p>\n<p>La convocatoria del mandatario responde a la intenci\u00f3n de entablar un di\u00e1logo directo con los representantes de los trabajadores y as\u00ed poder brindar informaci\u00f3n sobre el contexto econ\u00f3mico y el impacto de medidas nacionales en la situaci\u00f3n econ\u00f3mica y financiera del Estado provincial.<\/p>\n","protected":false},"excerpt":{"rendered":"<p>El Gobernador Gustavo Melella convoc\u00f3 para el pr\u00f3ximo mi\u00e9rcoles 11 de marzo a representantes de&#8230;<\/p>\n","protected":false},"author":1,"featured_media":68633,"comment_status":"closed","ping_status":"closed","sticky":false,"template":"","format":"standard","meta":{"footnotes":""},"categories":[3],"tags":[],"class_list":["post-68632","post","type-post","status-publish","format-standard","has-post-thumbnail","hentry","category-noticias"],"jetpack_featured_media_url":"https:\/\/hablemosclarotdf.com.ar\/wp-content\/uploads\/2026\/03\/photo_2026-03-06_20-13-43.jpg","_links":{"self":[{"href":"https:\/\/hablemosclarotdf.com.ar\/index.php?rest_route=\/wp\/v2\/posts\/68632","targetHints":{"allow":["GET"]}}],"collection":[{"href":"https:\/\/hablemosclarotdf.com.ar\/index.php?rest_route=\/wp\/v2\/posts"}],"about":[{"href":"https:\/\/hablemosclarotdf.com.ar\/index.php?rest_route=\/wp\/v2\/types\/post"}],"author":[{"embeddable":true,"href":"https:\/\/hablemosclarotdf.com.ar\/index.php?rest_route=\/wp\/v2\/users\/1"}],"replies":[{"embeddable":true,"href":"https:\/\/hablemosclarotdf.com.ar\/index.php?rest_route=%2Fwp%2Fv2%2Fcomments&post=68632"}],"version-history":[{"count":1,"href":"https:\/\/hablemosclarotdf.com.ar\/index.php?rest_route=\/wp\/v2\/posts\/68632\/revisions"}],"predecessor-version":[{"id":68634,"href":"https:\/\/hablemosclarotdf.com.ar\/index.php?rest_route=\/wp\/v2\/posts\/68632\/revisions\/68634"}],"wp:featuredmedia":[{"embeddable":true,"href":"https:\/\/hablemosclarotdf.com.ar\/index.php?rest_route=\/wp\/v2\/media\/68633"}],"wp:attachment":[{"href":"https:\/\/hablemosclarotdf.com.ar\/index.php?rest_route=%2Fwp%2Fv2%2Fmedia&parent=68632"}],"wp:term":[{"taxonomy":"category","embeddable":true,"href":"https:\/\/hablemosclarotdf.com.ar\/index.php?rest_route=%2Fwp%2Fv2%2Fcategories&post=68632"},{"taxonomy":"post_tag","embeddable":true,"href":"https:\/\/hablemosclarotdf.com.ar\/index.php?rest_route=%2Fwp%2Fv2%2Ftags&post=68632"}],"curies":[{"name":"wp","href":"https:\/\/api.w.org\/{rel}","templated":true}]}}