{"id":68629,"date":"2026-03-06T20:11:55","date_gmt":"2026-03-06T23:11:55","guid":{"rendered":"https:\/\/hablemosclarotdf.com.ar\/?p=68629"},"modified":"2026-03-06T20:12:16","modified_gmt":"2026-03-06T23:12:16","slug":"comunicado-28","status":"publish","type":"post","link":"https:\/\/hablemosclarotdf.com.ar\/?p=68629","title":{"rendered":"COMUNICADO."},"content":{"rendered":"<p>El Gobierno de la Provincia informa a la comunidad que la Direcci\u00f3n Provincial de Programas Espec\u00edficos Zona Sur (Ushuaia) no atender\u00e1 al p\u00fablico los d\u00edas lunes 9 y martes 10 de marzo, debido al traslado de sus oficinas a una nueva sede de funcionamiento permanente.<\/p>\n<p>A partir del mi\u00e9rcoles 11 de marzo, la atenci\u00f3n al p\u00fablico se retomar\u00e1 con normalidad en el horario habitual de 9 a 14 horas, en la siguiente direcci\u00f3n:<\/p>\n<p>60 Viviendas \u2013 Tira 3, Casa 18<\/p>\n<p>En esta dependencia se gestionan el programa \u201cLleg\u00f3 el Gas\u201d y el Programa de Subsidio al Consumo Residencial de Gas Licuado de Petr\u00f3leo (GLP).<\/p>\n<p>El traslado a estas nuevas instalaciones permitir\u00e1 brindar una mejor atenci\u00f3n a los vecinos y vecinas que acceden a estos programas.<\/p>\n","protected":false},"excerpt":{"rendered":"<p>El Gobierno de la Provincia informa a la comunidad que la Direcci\u00f3n Provincial de Programas&#8230;<\/p>\n","protected":false},"author":1,"featured_media":68631,"comment_status":"closed","ping_status":"closed","sticky":false,"template":"","format":"standard","meta":{"footnotes":""},"categories":[3],"tags":[],"class_list":["post-68629","post","type-post","status-publish","format-standard","has-post-thumbnail","hentry","category-noticias"],"jetpack_featured_media_url":"https:\/\/hablemosclarotdf.com.ar\/wp-content\/uploads\/2026\/03\/photo_2026-03-06_20-09-20.jpg","_links":{"self":[{"href":"https:\/\/hablemosclarotdf.com.ar\/index.php?rest_route=\/wp\/v2\/posts\/68629","targetHints":{"allow":["GET"]}}],"collection":[{"href":"https:\/\/hablemosclarotdf.com.ar\/index.php?rest_route=\/wp\/v2\/posts"}],"about":[{"href":"https:\/\/hablemosclarotdf.com.ar\/index.php?rest_route=\/wp\/v2\/types\/post"}],"author":[{"embeddable":true,"href":"https:\/\/hablemosclarotdf.com.ar\/index.php?rest_route=\/wp\/v2\/users\/1"}],"replies":[{"embeddable":true,"href":"https:\/\/hablemosclarotdf.com.ar\/index.php?rest_route=%2Fwp%2Fv2%2Fcomments&post=68629"}],"version-history":[{"count":1,"href":"https:\/\/hablemosclarotdf.com.ar\/index.php?rest_route=\/wp\/v2\/posts\/68629\/revisions"}],"predecessor-version":[{"id":68630,"href":"https:\/\/hablemosclarotdf.com.ar\/index.php?rest_route=\/wp\/v2\/posts\/68629\/revisions\/68630"}],"wp:featuredmedia":[{"embeddable":true,"href":"https:\/\/hablemosclarotdf.com.ar\/index.php?rest_route=\/wp\/v2\/media\/68631"}],"wp:attachment":[{"href":"https:\/\/hablemosclarotdf.com.ar\/index.php?rest_route=%2Fwp%2Fv2%2Fmedia&parent=68629"}],"wp:term":[{"taxonomy":"category","embeddable":true,"href":"https:\/\/hablemosclarotdf.com.ar\/index.php?rest_route=%2Fwp%2Fv2%2Fcategories&post=68629"},{"taxonomy":"post_tag","embeddable":true,"href":"https:\/\/hablemosclarotdf.com.ar\/index.php?rest_route=%2Fwp%2Fv2%2Ftags&post=68629"}],"curies":[{"name":"wp","href":"https:\/\/api.w.org\/{rel}","templated":true}]}}