{"id":68596,"date":"2026-03-06T10:52:37","date_gmt":"2026-03-06T13:52:37","guid":{"rendered":"https:\/\/hablemosclarotdf.com.ar\/?p=68596"},"modified":"2026-03-06T10:52:37","modified_gmt":"2026-03-06T13:52:37","slug":"rio-grande-el-intendente-recorrio-la-obra-en-construccion-del-edificio-permanente-de-la-carpa-de-la-dignidad","status":"publish","type":"post","link":"https:\/\/hablemosclarotdf.com.ar\/?p=68596","title":{"rendered":"RIO GRANDE: EL INTENDENTE RECORRI\u00d3 LA OBRA EN CONSTRUCCI\u00d3N DEL EDIFICIO PERMANENTE DE LA CARPA DE LA DIGNIDAD"},"content":{"rendered":"<p>Mart\u00edn Perez visit\u00f3 el predio donde avanzan los trabajos de estructuraci\u00f3n principal de esta obra que se convertir\u00e1 en un espacio para fortalecer la identidad fueguina y la defensa de nuestra soberan\u00eda.<\/p>\n<p>El edificio permanente de La Carpa de la Dignidad vendr\u00e1 a dar respuesta a una necesidad riograndense de tener un espacio que funcione todo el a\u00f1o para llevar adelante actividades vinculadas a la memoria, la reflexi\u00f3n y el reconocimiento a quienes dieron su vida por la Patria.<\/p>\n<p>En este marco, el intendente Mart\u00edn Perez, junto a la secretaria de Obras P\u00fablicas, Silvina M\u00f3naco, recorri\u00f3 los avances de la obra que, realizada con recursos municipales, ser\u00e1 clave para honrar, aprender y mantener viva la historia de nuestros h\u00e9roes de Malvinas.<\/p>\n<p>Este lugar contar\u00e1 con una superficie aproximada de 800 metros cuadrados y estar\u00e1 emplazado en el mismo sector donde cada a\u00f1o se monta la Carpa para las actividades del 2 de Abril. Tendr\u00e1 un espacio central a trav\u00e9s de un gran sal\u00f3n, que se conectar\u00e1 desde su interior con la vereda que forma parte del Muro Costero. Adem\u00e1s, tendr\u00e1 dependencias de apoyo como lo son ba\u00f1os inclusivos, cocina, oficinas y sala de m\u00e1quinas.<\/p>\n<p>Al respecto, la secretaria de Obras P\u00fablicas, Silvina M\u00f3naco, indic\u00f3 que \u201cen el lugar ya se completaron los trabajos de llenado de fundaciones y ejecuci\u00f3n de contrapisos. Actualmente se avanza con el montaje de la estructura portante, compuesta por 14 p\u00f3rticos met\u00e1licos que dar\u00e1n forma al futuro edificio\u201d.<\/p>\n<p>Asimismo, M\u00f3naco explic\u00f3 que \u201cel espacio principal del edificio contar\u00e1 con una estructura curvada, dise\u00f1ada para lograr una semejanza con la carpa original, pero con mayores dimensiones y altura, lo que permitir\u00e1 optimizar su funcionalidad y capacidad de visitas\u201d.<\/p>\n<p>Finalmente, se\u00f1al\u00f3 que \u201cuna vez finalizada esta etapa estructural, se proceder\u00e1 a la colocaci\u00f3n del techado y el cierre de los laterales del edificio\u201d.<\/p>\n<p><img loading=\"lazy\" decoding=\"async\" class=\"alignnone size-medium wp-image-68598\" src=\"https:\/\/hablemosclarotdf.com.ar\/wp-content\/uploads\/2026\/03\/photo_2026-03-06_10-51-02-300x200.jpg\" alt=\"\" width=\"300\" height=\"200\" srcset=\"https:\/\/hablemosclarotdf.com.ar\/wp-content\/uploads\/2026\/03\/photo_2026-03-06_10-51-02-300x200.jpg 300w, https:\/\/hablemosclarotdf.com.ar\/wp-content\/uploads\/2026\/03\/photo_2026-03-06_10-51-02-1024x682.jpg 1024w, https:\/\/hablemosclarotdf.com.ar\/wp-content\/uploads\/2026\/03\/photo_2026-03-06_10-51-02-768x512.jpg 768w, https:\/\/hablemosclarotdf.com.ar\/wp-content\/uploads\/2026\/03\/photo_2026-03-06_10-51-02.jpg 1280w\" sizes=\"auto, (max-width: 300px) 100vw, 300px\" \/> <img loading=\"lazy\" decoding=\"async\" class=\"alignnone size-medium wp-image-68599\" src=\"https:\/\/hablemosclarotdf.com.ar\/wp-content\/uploads\/2026\/03\/photo_2026-03-06_10-51-12-300x200.jpg\" alt=\"\" width=\"300\" height=\"200\" srcset=\"https:\/\/hablemosclarotdf.com.ar\/wp-content\/uploads\/2026\/03\/photo_2026-03-06_10-51-12-300x200.jpg 300w, https:\/\/hablemosclarotdf.com.ar\/wp-content\/uploads\/2026\/03\/photo_2026-03-06_10-51-12-1024x682.jpg 1024w, https:\/\/hablemosclarotdf.com.ar\/wp-content\/uploads\/2026\/03\/photo_2026-03-06_10-51-12-768x512.jpg 768w, https:\/\/hablemosclarotdf.com.ar\/wp-content\/uploads\/2026\/03\/photo_2026-03-06_10-51-12.jpg 1280w\" sizes=\"auto, (max-width: 300px) 100vw, 300px\" \/> <img loading=\"lazy\" decoding=\"async\" class=\"alignnone size-medium wp-image-68600\" src=\"https:\/\/hablemosclarotdf.com.ar\/wp-content\/uploads\/2026\/03\/photo_2026-03-06_10-51-17-300x200.jpg\" alt=\"\" width=\"300\" height=\"200\" srcset=\"https:\/\/hablemosclarotdf.com.ar\/wp-content\/uploads\/2026\/03\/photo_2026-03-06_10-51-17-300x200.jpg 300w, https:\/\/hablemosclarotdf.com.ar\/wp-content\/uploads\/2026\/03\/photo_2026-03-06_10-51-17-1024x682.jpg 1024w, https:\/\/hablemosclarotdf.com.ar\/wp-content\/uploads\/2026\/03\/photo_2026-03-06_10-51-17-768x512.jpg 768w, https:\/\/hablemosclarotdf.com.ar\/wp-content\/uploads\/2026\/03\/photo_2026-03-06_10-51-17.jpg 1280w\" sizes=\"auto, (max-width: 300px) 100vw, 300px\" \/><\/p>\n","protected":false},"excerpt":{"rendered":"<p>Mart\u00edn Perez visit\u00f3 el predio donde avanzan los trabajos de estructuraci\u00f3n principal de esta obra&#8230;<\/p>\n","protected":false},"author":1,"featured_media":68597,"comment_status":"closed","ping_status":"closed","sticky":false,"template":"","format":"standard","meta":{"footnotes":""},"categories":[3],"tags":[],"class_list":["post-68596","post","type-post","status-publish","format-standard","has-post-thumbnail","hentry","category-noticias"],"jetpack_featured_media_url":"https:\/\/hablemosclarotdf.com.ar\/wp-content\/uploads\/2026\/03\/photo_2026-03-06_10-50-56.jpg","_links":{"self":[{"href":"https:\/\/hablemosclarotdf.com.ar\/index.php?rest_route=\/wp\/v2\/posts\/68596","targetHints":{"allow":["GET"]}}],"collection":[{"href":"https:\/\/hablemosclarotdf.com.ar\/index.php?rest_route=\/wp\/v2\/posts"}],"about":[{"href":"https:\/\/hablemosclarotdf.com.ar\/index.php?rest_route=\/wp\/v2\/types\/post"}],"author":[{"embeddable":true,"href":"https:\/\/hablemosclarotdf.com.ar\/index.php?rest_route=\/wp\/v2\/users\/1"}],"replies":[{"embeddable":true,"href":"https:\/\/hablemosclarotdf.com.ar\/index.php?rest_route=%2Fwp%2Fv2%2Fcomments&post=68596"}],"version-history":[{"count":1,"href":"https:\/\/hablemosclarotdf.com.ar\/index.php?rest_route=\/wp\/v2\/posts\/68596\/revisions"}],"predecessor-version":[{"id":68601,"href":"https:\/\/hablemosclarotdf.com.ar\/index.php?rest_route=\/wp\/v2\/posts\/68596\/revisions\/68601"}],"wp:featuredmedia":[{"embeddable":true,"href":"https:\/\/hablemosclarotdf.com.ar\/index.php?rest_route=\/wp\/v2\/media\/68597"}],"wp:attachment":[{"href":"https:\/\/hablemosclarotdf.com.ar\/index.php?rest_route=%2Fwp%2Fv2%2Fmedia&parent=68596"}],"wp:term":[{"taxonomy":"category","embeddable":true,"href":"https:\/\/hablemosclarotdf.com.ar\/index.php?rest_route=%2Fwp%2Fv2%2Fcategories&post=68596"},{"taxonomy":"post_tag","embeddable":true,"href":"https:\/\/hablemosclarotdf.com.ar\/index.php?rest_route=%2Fwp%2Fv2%2Ftags&post=68596"}],"curies":[{"name":"wp","href":"https:\/\/api.w.org\/{rel}","templated":true}]}}