{"id":68564,"date":"2026-03-05T23:45:31","date_gmt":"2026-03-06T02:45:31","guid":{"rendered":"https:\/\/hablemosclarotdf.com.ar\/?p=68564"},"modified":"2026-03-05T23:45:31","modified_gmt":"2026-03-06T02:45:31","slug":"gaston-diaz-el-proyecto-politico-de-provincia-grande-busca-seguir-creciendo-en-tierra-del-fuego","status":"publish","type":"post","link":"https:\/\/hablemosclarotdf.com.ar\/?p=68564","title":{"rendered":"Gast\u00f3n D\u00edaz: \u201cEl proyecto pol\u00edtico de Provincia Grande busca seguir creciendo en Tierra del Fuego\u201d"},"content":{"rendered":"<p>El secretario de Gobierno del Municipio de R\u00edo Grande se refiri\u00f3 al presente y proyecci\u00f3n del espacio pol\u00edtico Provincia Grande y asegur\u00f3 que, si se avanza con una reforma constitucional en Tierra del Fuego, participar\u00e1n del proceso.<\/p>\n<p data-end=\"613\" data-start=\"359\">El secretario de Gobierno del Municipio de R\u00edo Grande, Gast\u00f3n D\u00edaz, se refiri\u00f3 al rol del espacio pol\u00edtico Provincia Grande dentro del escenario pol\u00edtico fueguino y a la posibilidad de avanzar con una reforma constitucional en la provincia.<\/p>\n<p data-end=\"854\" data-start=\"615\">En di\u00e1logo con\u00a0<strong>FM del Pueblo<\/strong>, el funcionario sostuvo que Provincia Grande es un espacio pol\u00edtico que busca consolidarse y ampliar su representaci\u00f3n en Tierra del Fuego, con una identidad vinculada a los principios hist\u00f3ricos del peronismo.<\/p>\n<p data-end=\"1083\" data-start=\"856\">\u201cEl proyecto pol\u00edtico de Provincia Grande busca seguir creciendo en la provincia. Es un espacio que tiene ra\u00edces peronistas y que sostiene convicciones de justicia social, soberan\u00eda pol\u00edtica e independencia econ\u00f3mica\u201d, expres\u00f3.<\/p>\n<p data-end=\"1289\" data-start=\"1085\">D\u00edaz remarc\u00f3 que dentro del espacio existen dirigentes y representantes institucionales que forman parte de distintos \u00e1mbitos legislativos, lo que fortalece la construcci\u00f3n pol\u00edtica que vienen impulsando.<\/p>\n<p data-end=\"1504\" data-start=\"1291\">En ese sentido, se\u00f1al\u00f3 que Provincia Grande cuenta con representaci\u00f3n en la Legislatura provincial y en concejos deliberantes de la provincia, lo que permite continuar ampliando su presencia en el debate pol\u00edtico.<\/p>\n<p data-end=\"1707\" data-start=\"1506\">Por otra parte, el funcionario se refiri\u00f3 a la posibilidad de que el Gobierno provincial impulse una reforma constitucional en Tierra del Fuego, tema que fue mencionado recientemente por el gobernador.<\/p>\n<p data-end=\"1872\" data-start=\"1709\">Al respecto, D\u00edaz indic\u00f3 que a\u00fan no existe una definici\u00f3n concreta sobre la convocatoria y consider\u00f3 prudente esperar una decisi\u00f3n formal del Ejecutivo provincial.<\/p>\n<p data-end=\"2037\" data-start=\"1874\">\u201cHabr\u00e1 que esperar cu\u00e1l es la decisi\u00f3n del gobernador. Si finalmente se impulsa una reforma constitucional, Provincia Grande por supuesto va a participar\u201d, afirm\u00f3.<\/p>\n<p data-end=\"2273\" data-is-last-node=\"\" data-is-only-node=\"\" data-start=\"2039\">Finalmente, sostuvo que el actual contexto econ\u00f3mico y social requiere concentrar los esfuerzos en la gesti\u00f3n y en las necesidades de la comunidad, por lo que consider\u00f3 que los debates electorales deber\u00e1n darse en el momento oportuno.<\/p>\n","protected":false},"excerpt":{"rendered":"<p>El secretario de Gobierno del Municipio de R\u00edo Grande se refiri\u00f3 al presente y proyecci\u00f3n&#8230;<\/p>\n","protected":false},"author":1,"featured_media":68565,"comment_status":"closed","ping_status":"closed","sticky":false,"template":"","format":"standard","meta":{"footnotes":""},"categories":[3],"tags":[],"class_list":["post-68564","post","type-post","status-publish","format-standard","has-post-thumbnail","hentry","category-noticias"],"jetpack_featured_media_url":"https:\/\/hablemosclarotdf.com.ar\/wp-content\/uploads\/2026\/03\/download-3.jpg","_links":{"self":[{"href":"https:\/\/hablemosclarotdf.com.ar\/index.php?rest_route=\/wp\/v2\/posts\/68564","targetHints":{"allow":["GET"]}}],"collection":[{"href":"https:\/\/hablemosclarotdf.com.ar\/index.php?rest_route=\/wp\/v2\/posts"}],"about":[{"href":"https:\/\/hablemosclarotdf.com.ar\/index.php?rest_route=\/wp\/v2\/types\/post"}],"author":[{"embeddable":true,"href":"https:\/\/hablemosclarotdf.com.ar\/index.php?rest_route=\/wp\/v2\/users\/1"}],"replies":[{"embeddable":true,"href":"https:\/\/hablemosclarotdf.com.ar\/index.php?rest_route=%2Fwp%2Fv2%2Fcomments&post=68564"}],"version-history":[{"count":1,"href":"https:\/\/hablemosclarotdf.com.ar\/index.php?rest_route=\/wp\/v2\/posts\/68564\/revisions"}],"predecessor-version":[{"id":68566,"href":"https:\/\/hablemosclarotdf.com.ar\/index.php?rest_route=\/wp\/v2\/posts\/68564\/revisions\/68566"}],"wp:featuredmedia":[{"embeddable":true,"href":"https:\/\/hablemosclarotdf.com.ar\/index.php?rest_route=\/wp\/v2\/media\/68565"}],"wp:attachment":[{"href":"https:\/\/hablemosclarotdf.com.ar\/index.php?rest_route=%2Fwp%2Fv2%2Fmedia&parent=68564"}],"wp:term":[{"taxonomy":"category","embeddable":true,"href":"https:\/\/hablemosclarotdf.com.ar\/index.php?rest_route=%2Fwp%2Fv2%2Fcategories&post=68564"},{"taxonomy":"post_tag","embeddable":true,"href":"https:\/\/hablemosclarotdf.com.ar\/index.php?rest_route=%2Fwp%2Fv2%2Ftags&post=68564"}],"curies":[{"name":"wp","href":"https:\/\/api.w.org\/{rel}","templated":true}]}}