{"id":68533,"date":"2026-03-05T15:23:04","date_gmt":"2026-03-05T18:23:04","guid":{"rendered":"https:\/\/hablemosclarotdf.com.ar\/?p=68533"},"modified":"2026-03-05T15:23:04","modified_gmt":"2026-03-05T18:23:04","slug":"rio-grande-memoria-soberania-y-unidad-el-municipio-de-rio-grande-invita-a-las-instituciones-a-ser-parte-del-desf","status":"publish","type":"post","link":"https:\/\/hablemosclarotdf.com.ar\/?p=68533","title":{"rendered":"RIO GRANDE : MEMORIA, SOBERAN\u00cdA Y UNIDAD: EL MUNICIPIO DE R\u00cdO GRANDE INVITA A LAS INSTITUCIONES A SER PARTE DEL DESF"},"content":{"rendered":"<p>Se encuentran abiertas las inscripciones para aquellas instituciones que deseen sumarse al Tradicional Desfile del 2 de Abril. A 44 a\u00f1os de la Gloriosa Gesta, como riograndenses y malvineros renovamos nuestro compromiso irrenunciable con la memoria, la soberan\u00eda y el reconocimiento permanente a nuestros veteranos y a quienes dieron su vida por la dignidad de la Patria.<\/p>\n<p>En el 44\u00ba Aniversario de la Gloriosa Gesta de Malvinas, el Desfile del 2 de Abril se constituye como un espacio de encuentro donde instituciones educativas, clubes, asociaciones, fuerzas armadas y de seguridad, y organismos en general expresan su acompa\u00f1amiento a la Causa Malvinas, fortaleciendo el sentido de unidad que caracteriza a nuestra ciudad.<\/p>\n<p>En este marco, el Municipio informa que las instituciones interesadas en participar deber\u00e1n comunicarse con la Direcci\u00f3n de Relaciones P\u00fablicas y Eventos Institucionales, a trav\u00e9s del correo electr\u00f3nico: relacionespublicas.rga@gmail.com, indicando en el asunto \u201cDesfile Malvinas 2026\u201d.<\/p>\n<p>Con una agenda de actividades prevista para este 2 de abril, el Municipio invita a la comunidad a mantener viva la memoria y a reafirmar, a\u00f1o tras a\u00f1o, que la Causa Malvinas nos une.<\/p>\n<p><img loading=\"lazy\" decoding=\"async\" class=\"alignnone size-medium wp-image-68535\" src=\"https:\/\/hablemosclarotdf.com.ar\/wp-content\/uploads\/2026\/03\/photo_2026-03-05_15-22-20-300x214.jpg\" alt=\"\" width=\"300\" height=\"214\" srcset=\"https:\/\/hablemosclarotdf.com.ar\/wp-content\/uploads\/2026\/03\/photo_2026-03-05_15-22-20-300x214.jpg 300w, https:\/\/hablemosclarotdf.com.ar\/wp-content\/uploads\/2026\/03\/photo_2026-03-05_15-22-20-1024x730.jpg 1024w, https:\/\/hablemosclarotdf.com.ar\/wp-content\/uploads\/2026\/03\/photo_2026-03-05_15-22-20-768x548.jpg 768w, https:\/\/hablemosclarotdf.com.ar\/wp-content\/uploads\/2026\/03\/photo_2026-03-05_15-22-20.jpg 1280w\" sizes=\"auto, (max-width: 300px) 100vw, 300px\" \/><\/p>\n","protected":false},"excerpt":{"rendered":"<p>Se encuentran abiertas las inscripciones para aquellas instituciones que deseen sumarse al Tradicional Desfile del&#8230;<\/p>\n","protected":false},"author":1,"featured_media":68534,"comment_status":"closed","ping_status":"closed","sticky":false,"template":"","format":"standard","meta":{"footnotes":""},"categories":[3],"tags":[],"class_list":["post-68533","post","type-post","status-publish","format-standard","has-post-thumbnail","hentry","category-noticias"],"jetpack_featured_media_url":"https:\/\/hablemosclarotdf.com.ar\/wp-content\/uploads\/2026\/03\/photo_2026-03-05_15-22-11.jpg","_links":{"self":[{"href":"https:\/\/hablemosclarotdf.com.ar\/index.php?rest_route=\/wp\/v2\/posts\/68533","targetHints":{"allow":["GET"]}}],"collection":[{"href":"https:\/\/hablemosclarotdf.com.ar\/index.php?rest_route=\/wp\/v2\/posts"}],"about":[{"href":"https:\/\/hablemosclarotdf.com.ar\/index.php?rest_route=\/wp\/v2\/types\/post"}],"author":[{"embeddable":true,"href":"https:\/\/hablemosclarotdf.com.ar\/index.php?rest_route=\/wp\/v2\/users\/1"}],"replies":[{"embeddable":true,"href":"https:\/\/hablemosclarotdf.com.ar\/index.php?rest_route=%2Fwp%2Fv2%2Fcomments&post=68533"}],"version-history":[{"count":1,"href":"https:\/\/hablemosclarotdf.com.ar\/index.php?rest_route=\/wp\/v2\/posts\/68533\/revisions"}],"predecessor-version":[{"id":68536,"href":"https:\/\/hablemosclarotdf.com.ar\/index.php?rest_route=\/wp\/v2\/posts\/68533\/revisions\/68536"}],"wp:featuredmedia":[{"embeddable":true,"href":"https:\/\/hablemosclarotdf.com.ar\/index.php?rest_route=\/wp\/v2\/media\/68534"}],"wp:attachment":[{"href":"https:\/\/hablemosclarotdf.com.ar\/index.php?rest_route=%2Fwp%2Fv2%2Fmedia&parent=68533"}],"wp:term":[{"taxonomy":"category","embeddable":true,"href":"https:\/\/hablemosclarotdf.com.ar\/index.php?rest_route=%2Fwp%2Fv2%2Fcategories&post=68533"},{"taxonomy":"post_tag","embeddable":true,"href":"https:\/\/hablemosclarotdf.com.ar\/index.php?rest_route=%2Fwp%2Fv2%2Ftags&post=68533"}],"curies":[{"name":"wp","href":"https:\/\/api.w.org\/{rel}","templated":true}]}}