{"id":68507,"date":"2026-03-05T12:04:53","date_gmt":"2026-03-05T15:04:53","guid":{"rendered":"https:\/\/hablemosclarotdf.com.ar\/?p=68507"},"modified":"2026-03-05T12:04:53","modified_gmt":"2026-03-05T15:04:53","slug":"concluyo-con-exito-la-capacitacion-en-emprendedurismo-de-mar-y-desarrollo-local-en-rio-grande","status":"publish","type":"post","link":"https:\/\/hablemosclarotdf.com.ar\/?p=68507","title":{"rendered":"CONCLUY\u00d3 CON \u00c9XITO LA CAPACITACI\u00d3N EN EMPRENDEDURISMO DE MAR Y DESARROLLO LOCAL EN R\u00cdO GRANDE"},"content":{"rendered":"<p>El Gobierno de la Provincia, a trav\u00e9s de un trabajo articulado entre el Ministerio de Producci\u00f3n y Ambiente y el Ministerio de Trabajo y Empleo, finaliz\u00f3 el ciclo de formaci\u00f3n \u201cEmprendedurismo de Mar y Desarrollo Local desde el Enfoque Ecosist\u00e9mico\u201d en la ciudad de R\u00edo Grande.<\/p>\n<p>La propuesta, canalizada mediante el Centro de Capacitaci\u00f3n y Formaci\u00f3n Mar\u00edtima (CECAFMA), arroj\u00f3 un balance positivo en t\u00e9rminos de formaci\u00f3n t\u00e9cnica y promoci\u00f3n de la empleabilidad.<\/p>\n<p>El trayecto permiti\u00f3 a los participantes incorporar herramientas estrat\u00e9gicas para el dise\u00f1o y desarrollo de proyectos sostenibles vinculados al litoral fueguino, integrando criterios ambientales y oportunidades productivas.<\/p>\n<p>Durante los encuentros presenciales se abordaron ejes centrales para el sector, como la gesti\u00f3n con enfoque ecosist\u00e9mico, la identificaci\u00f3n de nichos de mercado y la planificaci\u00f3n de iniciativas con impacto local.<\/p>\n<p>Al respecto, Sebasti\u00e1n Gauna, director del CECAFMA, destac\u00f3, \u201clogramos generar un espacio donde la teor\u00eda ambiental y la pr\u00e1ctica comercial se complementan. El objetivo es que cada emprendedor local pueda desarrollar proyectos rentables sin dejar de cuidar nuestro mar\u201d.<\/p>\n<p>Asimismo, el funcionario agreg\u00f3 que \u201cla capacitaci\u00f3n promovi\u00f3 una din\u00e1mica participativa que permiti\u00f3 a los asistentes formular ideas de negocio viables, adaptadas a la realidad territorial y alineadas con principios de sostenibilidad y responsabilidad social\u201d.<\/p>\n<p>Con esta iniciativa, el Gobierno provincial reafirma su compromiso de seguir impulsando pol\u00edticas p\u00fablicas que integren la conservaci\u00f3n del ambiente con la generaci\u00f3n de empleo genuino y el fortalecimiento del entramado productivo de la zona norte.<\/p>\n<p><img loading=\"lazy\" decoding=\"async\" class=\"alignnone size-medium wp-image-68509\" src=\"https:\/\/hablemosclarotdf.com.ar\/wp-content\/uploads\/2026\/03\/photo_2026-03-05_12-04-07-300x200.jpg\" alt=\"\" width=\"300\" height=\"200\" srcset=\"https:\/\/hablemosclarotdf.com.ar\/wp-content\/uploads\/2026\/03\/photo_2026-03-05_12-04-07-300x200.jpg 300w, https:\/\/hablemosclarotdf.com.ar\/wp-content\/uploads\/2026\/03\/photo_2026-03-05_12-04-07-1024x682.jpg 1024w, https:\/\/hablemosclarotdf.com.ar\/wp-content\/uploads\/2026\/03\/photo_2026-03-05_12-04-07-768x512.jpg 768w, https:\/\/hablemosclarotdf.com.ar\/wp-content\/uploads\/2026\/03\/photo_2026-03-05_12-04-07.jpg 1280w\" sizes=\"auto, (max-width: 300px) 100vw, 300px\" \/><\/p>\n","protected":false},"excerpt":{"rendered":"<p>El Gobierno de la Provincia, a trav\u00e9s de un trabajo articulado entre el Ministerio de&#8230;<\/p>\n","protected":false},"author":1,"featured_media":68508,"comment_status":"closed","ping_status":"closed","sticky":false,"template":"","format":"standard","meta":{"footnotes":""},"categories":[3],"tags":[],"class_list":["post-68507","post","type-post","status-publish","format-standard","has-post-thumbnail","hentry","category-noticias"],"jetpack_featured_media_url":"https:\/\/hablemosclarotdf.com.ar\/wp-content\/uploads\/2026\/03\/photo_2026-03-05_12-03-59.jpg","_links":{"self":[{"href":"https:\/\/hablemosclarotdf.com.ar\/index.php?rest_route=\/wp\/v2\/posts\/68507","targetHints":{"allow":["GET"]}}],"collection":[{"href":"https:\/\/hablemosclarotdf.com.ar\/index.php?rest_route=\/wp\/v2\/posts"}],"about":[{"href":"https:\/\/hablemosclarotdf.com.ar\/index.php?rest_route=\/wp\/v2\/types\/post"}],"author":[{"embeddable":true,"href":"https:\/\/hablemosclarotdf.com.ar\/index.php?rest_route=\/wp\/v2\/users\/1"}],"replies":[{"embeddable":true,"href":"https:\/\/hablemosclarotdf.com.ar\/index.php?rest_route=%2Fwp%2Fv2%2Fcomments&post=68507"}],"version-history":[{"count":1,"href":"https:\/\/hablemosclarotdf.com.ar\/index.php?rest_route=\/wp\/v2\/posts\/68507\/revisions"}],"predecessor-version":[{"id":68510,"href":"https:\/\/hablemosclarotdf.com.ar\/index.php?rest_route=\/wp\/v2\/posts\/68507\/revisions\/68510"}],"wp:featuredmedia":[{"embeddable":true,"href":"https:\/\/hablemosclarotdf.com.ar\/index.php?rest_route=\/wp\/v2\/media\/68508"}],"wp:attachment":[{"href":"https:\/\/hablemosclarotdf.com.ar\/index.php?rest_route=%2Fwp%2Fv2%2Fmedia&parent=68507"}],"wp:term":[{"taxonomy":"category","embeddable":true,"href":"https:\/\/hablemosclarotdf.com.ar\/index.php?rest_route=%2Fwp%2Fv2%2Fcategories&post=68507"},{"taxonomy":"post_tag","embeddable":true,"href":"https:\/\/hablemosclarotdf.com.ar\/index.php?rest_route=%2Fwp%2Fv2%2Ftags&post=68507"}],"curies":[{"name":"wp","href":"https:\/\/api.w.org\/{rel}","templated":true}]}}