{"id":68487,"date":"2026-03-05T09:57:33","date_gmt":"2026-03-05T12:57:33","guid":{"rendered":"https:\/\/hablemosclarotdf.com.ar\/?p=68487"},"modified":"2026-03-05T09:57:33","modified_gmt":"2026-03-05T12:57:33","slug":"el-btf-brindo-detalles-de-creditos-para-vivienda-y-desarrollo-urbano-anunciados-por-el-gobernador-melella","status":"publish","type":"post","link":"https:\/\/hablemosclarotdf.com.ar\/?p=68487","title":{"rendered":"EL BTF BRIND\u00d3 DETALLES DE CR\u00c9DITOS PARA VIVIENDA Y DESARROLLO URBANO ANUNCIADOS POR EL GOBERNADOR MELELLA"},"content":{"rendered":"<p>Tal cual lo anunci\u00f3 el Gobernador Gustavo Melella, autoridades del BTF presentaron un esquema que incluye cr\u00e9ditos hipotecarios a 30 a\u00f1os con tasas preferenciales, financiamiento para infraestructura y herramientas del mercado de capitales. La iniciativa busca dinamizar el sector inmobiliario y facilitar el acceso a la vivienda mediante una visi\u00f3n de desarrollo regional.<\/p>\n<p>En un encuentro que reuni\u00f3 a distintos actores del sector productivo, financiero y social de la provincia, el presidente del Banco de Tierra del Fuego (BTF), Adri\u00e1n Cosentino, dio a conocer las primeras etapas del nuevo Programa Integral de Financiamiento Sostenible e Inclusivo de Vivienda. Esta iniciativa estrat\u00e9gica busca acercar soluciones estructurales al d\u00e9ficit habitacional de la provincia a trav\u00e9s de un ecosistema de herramientas financieras que abarcan desde el cr\u00e9dito hipotecario individual hasta el impulso de grandes obras de infraestructura.<\/p>\n<p>En este marco se confirm\u00f3 una nueva l\u00ednea de Cr\u00e9ditos Hipotecarios Accesibles que estar\u00e1 operativa en los pr\u00f3ximos d\u00edas. Estos pr\u00e9stamos, destinados a construcci\u00f3n, ampliaci\u00f3n o adquisici\u00f3n de la primera vivienda para todos los clientes, ser\u00e1n otorgados bajo la modalidad UVA con una tasa nominal anual de entre el 8% y el 12%, con plazos de hasta 30 a\u00f1os. Como rasgo distintivo y \u00fanico en el pa\u00eds, el pr\u00e9stamo introduce un mecanismo de ajuste innovador dise\u00f1ado para proteger la econom\u00eda familiar: si el valor del \u00edndice UVA se aleja significativamente del Coeficiente de Variaci\u00f3n Salarial (CVS), la cuota se ajustar\u00e1 por este \u00faltimo indicador. Esta medida busca mitigar el impacto que una actualizaci\u00f3n excesiva de la cuota podr\u00eda tener sobre los ingresos de las familias.<\/p>\n<p>Asimismo, el programa prev\u00e9 el dise\u00f1o de opciones de financiamiento no hipotecario destinados a vivienda, segmentado para grupos con caracter\u00edsticas homog\u00e9neas, como el recientemente realizado con el Sindicato de Profesionales de la Salud.<\/p>\n<p>De forma complementaria, el Banco adecu\u00f3 las condiciones de su l\u00ednea para la conexi\u00f3n a la red de Gas Natural, facilitando el financiamiento de obras domiciliarias de infraestructura b\u00e1sica y promoviendo la sustituci\u00f3n del gas envasado, del que hoy todav\u00eda dependen cientos de fueguinos.<\/p>\n<p>&#8220;Este programa no se agota en una l\u00ednea de cr\u00e9dito aislada, sino que propone una integraci\u00f3n de actores desde una visi\u00f3n ecosist\u00e9mica&#8221;, destac\u00f3 Cosentino, y agreg\u00f3 que &#8220;estamos poniendo todas las capacidades del Banco para conectar la oferta de inversi\u00f3n con la necesidad de vivienda e infraestructura en nuestra provincia&#8221;.<\/p>\n<p>Por otra parte, el BTF brindar\u00e1 asistencia t\u00e9cnica y crediticia a empresas vinculadas a la construcci\u00f3n a lo largo de toda la cadena de valor, facilitando el acceso a l\u00edneas espec\u00edficas con condiciones preferenciales para capital de trabajo y bienes de capital. En particular, las empresas constructoras y desarrolladoras con proyectos para generar viviendas unifamiliares podr\u00e1n acceder a condiciones especiales como la extensi\u00f3n de plazos y periodos de gracia en el pago de capital. Adem\u00e1s, si llegan con aval del FOGADEF, dicho organismo tendr\u00e1 una bonificaci\u00f3n de parte de la comisi\u00f3n.<\/p>\n<p>Por otro lado, gracias al v\u00ednculo estrat\u00e9gico con el Mercado Argentino de Valores (MAV), los actores locales podr\u00e1n acceder a diversos esquemas de financiamiento v\u00eda mercado de capitales para dinamizar la inversi\u00f3n en el sector.<\/p>\n<p>El BTF tambi\u00e9n coordina acciones con el Instituto Provincial de Vivienda y H\u00e1bitat (IPVyH) para la puesta en valor de suelo urbano y trabaja junto a los ministerios de Obras P\u00fablicas y Econom\u00eda de la Provincia para acercar herramientas que permitan fortalecer el desarrollo habitacional y urban\u00edstico en todo el territorio.<\/p>\n<p><img loading=\"lazy\" decoding=\"async\" class=\"alignnone size-medium wp-image-68489\" src=\"https:\/\/hablemosclarotdf.com.ar\/wp-content\/uploads\/2026\/03\/photo_2026-03-05_09-56-50-300x200.jpg\" alt=\"\" width=\"300\" height=\"200\" srcset=\"https:\/\/hablemosclarotdf.com.ar\/wp-content\/uploads\/2026\/03\/photo_2026-03-05_09-56-50-300x200.jpg 300w, https:\/\/hablemosclarotdf.com.ar\/wp-content\/uploads\/2026\/03\/photo_2026-03-05_09-56-50-1024x683.jpg 1024w, https:\/\/hablemosclarotdf.com.ar\/wp-content\/uploads\/2026\/03\/photo_2026-03-05_09-56-50-768x512.jpg 768w, https:\/\/hablemosclarotdf.com.ar\/wp-content\/uploads\/2026\/03\/photo_2026-03-05_09-56-50.jpg 1280w\" sizes=\"auto, (max-width: 300px) 100vw, 300px\" \/> <img loading=\"lazy\" decoding=\"async\" class=\"alignnone size-medium wp-image-68490\" src=\"https:\/\/hablemosclarotdf.com.ar\/wp-content\/uploads\/2026\/03\/photo_2026-03-05_09-56-53-300x200.jpg\" alt=\"\" width=\"300\" height=\"200\" srcset=\"https:\/\/hablemosclarotdf.com.ar\/wp-content\/uploads\/2026\/03\/photo_2026-03-05_09-56-53-300x200.jpg 300w, https:\/\/hablemosclarotdf.com.ar\/wp-content\/uploads\/2026\/03\/photo_2026-03-05_09-56-53-1024x683.jpg 1024w, https:\/\/hablemosclarotdf.com.ar\/wp-content\/uploads\/2026\/03\/photo_2026-03-05_09-56-53-768x512.jpg 768w, https:\/\/hablemosclarotdf.com.ar\/wp-content\/uploads\/2026\/03\/photo_2026-03-05_09-56-53.jpg 1280w\" sizes=\"auto, (max-width: 300px) 100vw, 300px\" \/><\/p>\n","protected":false},"excerpt":{"rendered":"<p>Tal cual lo anunci\u00f3 el Gobernador Gustavo Melella, autoridades del BTF presentaron un esquema que&#8230;<\/p>\n","protected":false},"author":1,"featured_media":68488,"comment_status":"closed","ping_status":"closed","sticky":false,"template":"","format":"standard","meta":{"footnotes":""},"categories":[3],"tags":[],"class_list":["post-68487","post","type-post","status-publish","format-standard","has-post-thumbnail","hentry","category-noticias"],"jetpack_featured_media_url":"https:\/\/hablemosclarotdf.com.ar\/wp-content\/uploads\/2026\/03\/photo_2026-03-05_09-56-46.jpg","_links":{"self":[{"href":"https:\/\/hablemosclarotdf.com.ar\/index.php?rest_route=\/wp\/v2\/posts\/68487","targetHints":{"allow":["GET"]}}],"collection":[{"href":"https:\/\/hablemosclarotdf.com.ar\/index.php?rest_route=\/wp\/v2\/posts"}],"about":[{"href":"https:\/\/hablemosclarotdf.com.ar\/index.php?rest_route=\/wp\/v2\/types\/post"}],"author":[{"embeddable":true,"href":"https:\/\/hablemosclarotdf.com.ar\/index.php?rest_route=\/wp\/v2\/users\/1"}],"replies":[{"embeddable":true,"href":"https:\/\/hablemosclarotdf.com.ar\/index.php?rest_route=%2Fwp%2Fv2%2Fcomments&post=68487"}],"version-history":[{"count":1,"href":"https:\/\/hablemosclarotdf.com.ar\/index.php?rest_route=\/wp\/v2\/posts\/68487\/revisions"}],"predecessor-version":[{"id":68491,"href":"https:\/\/hablemosclarotdf.com.ar\/index.php?rest_route=\/wp\/v2\/posts\/68487\/revisions\/68491"}],"wp:featuredmedia":[{"embeddable":true,"href":"https:\/\/hablemosclarotdf.com.ar\/index.php?rest_route=\/wp\/v2\/media\/68488"}],"wp:attachment":[{"href":"https:\/\/hablemosclarotdf.com.ar\/index.php?rest_route=%2Fwp%2Fv2%2Fmedia&parent=68487"}],"wp:term":[{"taxonomy":"category","embeddable":true,"href":"https:\/\/hablemosclarotdf.com.ar\/index.php?rest_route=%2Fwp%2Fv2%2Fcategories&post=68487"},{"taxonomy":"post_tag","embeddable":true,"href":"https:\/\/hablemosclarotdf.com.ar\/index.php?rest_route=%2Fwp%2Fv2%2Ftags&post=68487"}],"curies":[{"name":"wp","href":"https:\/\/api.w.org\/{rel}","templated":true}]}}