{"id":68414,"date":"2026-03-04T17:38:50","date_gmt":"2026-03-04T20:38:50","guid":{"rendered":"https:\/\/hablemosclarotdf.com.ar\/?p=68414"},"modified":"2026-03-04T17:38:50","modified_gmt":"2026-03-04T20:38:50","slug":"ushuaia-sabemos-de-la-importancia-del-deporte-sobre-todo-en-tiempos-de-crisis-sostuvo-liliana-gavilan","status":"publish","type":"post","link":"https:\/\/hablemosclarotdf.com.ar\/?p=68414","title":{"rendered":"USHUAIA : \u201cSABEMOS DE LA IMPORTANCIA DEL DEPORTE, SOBRE TODO EN TIEMPOS DE CRISIS\u201d, SOSTUVO LILIANA GAVIL\u00c1N"},"content":{"rendered":"<p>Mayor actividad en espacios municipales de Ushuaia<\/p>\n<p>La presidenta del Instituto Municipal de Deportes de Ushuaia, Liliana Gavil\u00e1n, sostuvo que \u201chay un crecimiento en la pr\u00e1ctica de deportes que se refleja en todas las franjas et\u00e1reas y en diferentes disciplinas\u201d, y eso \u201cdemanda un fuerte trabajo para fortalecer los espacios deportivos municipales y acompa\u00f1ar ese crecimiento en todos los deportes\u201d.<br \/>\nEn declaraciones a FM Espect\u00e1culo sostuvo que \u201clo fuerte del IMD es la primera infancia y lo formativo pero tambi\u00e9n apuntamos a los adultos mayores\u201d, y por ello \u201cestamos evaluando ampliar los espacios ya que tenemos las escuelas deportivas y otras actividades, y adem\u00e1s abrimos las instalaciones del Municipio a m\u00e1s de 50 clubes para que desarrollen sus actividades\u201d.<br \/>\n\u201cSabemos de la importancia del deporte sobre todo en tiempos de crisis ya que es una herramienta de contenci\u00f3n social\u201d, remarc\u00f3 la titular del IMD, y destac\u00f3 que \u201cestamos atravesando una situaci\u00f3n econ\u00f3mica compleja que se va a profundizar y por eso trabajamos mucho con las familias, sobre todo de los chicos que concurren a las escuelas deportivas\u201d.<br \/>\nConsultada sobre las actividades y espacios municipales con mayor demanda de la comunidad, dijo que \u201cpor la pileta del polo de Andorra hay una circulaci\u00f3n diaria de entre 800 y 1.000 personas teniendo en cuenta todas las escuelas deportivas de nataci\u00f3n, pileta libre y las instituciones que concurren a ese espacio\u201d.<br \/>\n\u201cTambi\u00e9n hay una demanda importante del gimnasio de pesas del microestadio \u2018Cochocho Vargas\u2019 con unas 800 personas por mes, y hay un fuerte crecimiento de practicantes adultos mayores de disciplinas como newcom, futsal y f\u00fatbol para adultos mayores\u201d.<br \/>\nPor \u00faltimo, Gavil\u00e1n expres\u00f3 que por el incremento de la demanda y el<br \/>\nuso de los espacios deportivos municipales, \u201cestamos trabajando de cara al futuro y previendo la coyuntura para que podamos mantener cada edificio p\u00fablico en condiciones\u201d.<\/p>\n<p><img loading=\"lazy\" decoding=\"async\" class=\"alignnone size-medium wp-image-68416\" src=\"https:\/\/hablemosclarotdf.com.ar\/wp-content\/uploads\/2026\/03\/photo_2026-03-04_17-37-09-300x200.jpg\" alt=\"\" width=\"300\" height=\"200\" srcset=\"https:\/\/hablemosclarotdf.com.ar\/wp-content\/uploads\/2026\/03\/photo_2026-03-04_17-37-09-300x200.jpg 300w, https:\/\/hablemosclarotdf.com.ar\/wp-content\/uploads\/2026\/03\/photo_2026-03-04_17-37-09-1024x682.jpg 1024w, https:\/\/hablemosclarotdf.com.ar\/wp-content\/uploads\/2026\/03\/photo_2026-03-04_17-37-09-768x512.jpg 768w, https:\/\/hablemosclarotdf.com.ar\/wp-content\/uploads\/2026\/03\/photo_2026-03-04_17-37-09.jpg 1280w\" sizes=\"auto, (max-width: 300px) 100vw, 300px\" \/> <img loading=\"lazy\" decoding=\"async\" class=\"alignnone size-medium wp-image-68417\" src=\"https:\/\/hablemosclarotdf.com.ar\/wp-content\/uploads\/2026\/03\/photo_2026-03-04_17-37-19-300x200.jpg\" alt=\"\" width=\"300\" height=\"200\" srcset=\"https:\/\/hablemosclarotdf.com.ar\/wp-content\/uploads\/2026\/03\/photo_2026-03-04_17-37-19-300x200.jpg 300w, https:\/\/hablemosclarotdf.com.ar\/wp-content\/uploads\/2026\/03\/photo_2026-03-04_17-37-19.jpg 720w\" sizes=\"auto, (max-width: 300px) 100vw, 300px\" \/> <img loading=\"lazy\" decoding=\"async\" class=\"alignnone size-medium wp-image-68418\" src=\"https:\/\/hablemosclarotdf.com.ar\/wp-content\/uploads\/2026\/03\/photo_2026-03-04_17-37-23-225x300.jpg\" alt=\"\" width=\"225\" height=\"300\" srcset=\"https:\/\/hablemosclarotdf.com.ar\/wp-content\/uploads\/2026\/03\/photo_2026-03-04_17-37-23-225x300.jpg 225w, https:\/\/hablemosclarotdf.com.ar\/wp-content\/uploads\/2026\/03\/photo_2026-03-04_17-37-23-769x1024.jpg 769w, https:\/\/hablemosclarotdf.com.ar\/wp-content\/uploads\/2026\/03\/photo_2026-03-04_17-37-23-768x1023.jpg 768w, https:\/\/hablemosclarotdf.com.ar\/wp-content\/uploads\/2026\/03\/photo_2026-03-04_17-37-23.jpg 961w\" sizes=\"auto, (max-width: 225px) 100vw, 225px\" \/> <img loading=\"lazy\" decoding=\"async\" class=\"alignnone size-medium wp-image-68419\" src=\"https:\/\/hablemosclarotdf.com.ar\/wp-content\/uploads\/2026\/03\/photo_2026-03-04_17-37-27-300x200.jpg\" alt=\"\" width=\"300\" height=\"200\" srcset=\"https:\/\/hablemosclarotdf.com.ar\/wp-content\/uploads\/2026\/03\/photo_2026-03-04_17-37-27-300x200.jpg 300w, https:\/\/hablemosclarotdf.com.ar\/wp-content\/uploads\/2026\/03\/photo_2026-03-04_17-37-27-1024x682.jpg 1024w, https:\/\/hablemosclarotdf.com.ar\/wp-content\/uploads\/2026\/03\/photo_2026-03-04_17-37-27-768x512.jpg 768w, https:\/\/hablemosclarotdf.com.ar\/wp-content\/uploads\/2026\/03\/photo_2026-03-04_17-37-27.jpg 1280w\" sizes=\"auto, (max-width: 300px) 100vw, 300px\" \/> <img loading=\"lazy\" decoding=\"async\" class=\"alignnone size-medium wp-image-68420\" src=\"https:\/\/hablemosclarotdf.com.ar\/wp-content\/uploads\/2026\/03\/photo_2026-03-04_17-37-32-225x300.jpg\" alt=\"\" width=\"225\" height=\"300\" srcset=\"https:\/\/hablemosclarotdf.com.ar\/wp-content\/uploads\/2026\/03\/photo_2026-03-04_17-37-32-225x300.jpg 225w, https:\/\/hablemosclarotdf.com.ar\/wp-content\/uploads\/2026\/03\/photo_2026-03-04_17-37-32-768x1024.jpg 768w, https:\/\/hablemosclarotdf.com.ar\/wp-content\/uploads\/2026\/03\/photo_2026-03-04_17-37-32.jpg 960w\" sizes=\"auto, (max-width: 225px) 100vw, 225px\" \/> <img loading=\"lazy\" decoding=\"async\" class=\"alignnone size-medium wp-image-68421\" src=\"https:\/\/hablemosclarotdf.com.ar\/wp-content\/uploads\/2026\/03\/photo_2026-03-04_17-37-36-300x200.jpg\" alt=\"\" width=\"300\" height=\"200\" srcset=\"https:\/\/hablemosclarotdf.com.ar\/wp-content\/uploads\/2026\/03\/photo_2026-03-04_17-37-36-300x200.jpg 300w, https:\/\/hablemosclarotdf.com.ar\/wp-content\/uploads\/2026\/03\/photo_2026-03-04_17-37-36-1024x682.jpg 1024w, https:\/\/hablemosclarotdf.com.ar\/wp-content\/uploads\/2026\/03\/photo_2026-03-04_17-37-36-768x512.jpg 768w, https:\/\/hablemosclarotdf.com.ar\/wp-content\/uploads\/2026\/03\/photo_2026-03-04_17-37-36.jpg 1280w\" sizes=\"auto, (max-width: 300px) 100vw, 300px\" \/> <img loading=\"lazy\" decoding=\"async\" class=\"alignnone size-medium wp-image-68422\" src=\"https:\/\/hablemosclarotdf.com.ar\/wp-content\/uploads\/2026\/03\/photo_2026-03-04_17-37-40-300x199.jpg\" alt=\"\" width=\"300\" height=\"199\" srcset=\"https:\/\/hablemosclarotdf.com.ar\/wp-content\/uploads\/2026\/03\/photo_2026-03-04_17-37-40-300x199.jpg 300w, https:\/\/hablemosclarotdf.com.ar\/wp-content\/uploads\/2026\/03\/photo_2026-03-04_17-37-40-1024x678.jpg 1024w, https:\/\/hablemosclarotdf.com.ar\/wp-content\/uploads\/2026\/03\/photo_2026-03-04_17-37-40-768x508.jpg 768w, https:\/\/hablemosclarotdf.com.ar\/wp-content\/uploads\/2026\/03\/photo_2026-03-04_17-37-40.jpg 1280w\" sizes=\"auto, (max-width: 300px) 100vw, 300px\" \/><\/p>\n","protected":false},"excerpt":{"rendered":"<p>Mayor actividad en espacios municipales de Ushuaia La presidenta del Instituto Municipal de Deportes de&#8230;<\/p>\n","protected":false},"author":1,"featured_media":68415,"comment_status":"closed","ping_status":"closed","sticky":false,"template":"","format":"standard","meta":{"footnotes":""},"categories":[3],"tags":[],"class_list":["post-68414","post","type-post","status-publish","format-standard","has-post-thumbnail","hentry","category-noticias"],"jetpack_featured_media_url":"https:\/\/hablemosclarotdf.com.ar\/wp-content\/uploads\/2026\/03\/photo_2026-03-04_17-37-02.jpg","_links":{"self":[{"href":"https:\/\/hablemosclarotdf.com.ar\/index.php?rest_route=\/wp\/v2\/posts\/68414","targetHints":{"allow":["GET"]}}],"collection":[{"href":"https:\/\/hablemosclarotdf.com.ar\/index.php?rest_route=\/wp\/v2\/posts"}],"about":[{"href":"https:\/\/hablemosclarotdf.com.ar\/index.php?rest_route=\/wp\/v2\/types\/post"}],"author":[{"embeddable":true,"href":"https:\/\/hablemosclarotdf.com.ar\/index.php?rest_route=\/wp\/v2\/users\/1"}],"replies":[{"embeddable":true,"href":"https:\/\/hablemosclarotdf.com.ar\/index.php?rest_route=%2Fwp%2Fv2%2Fcomments&post=68414"}],"version-history":[{"count":1,"href":"https:\/\/hablemosclarotdf.com.ar\/index.php?rest_route=\/wp\/v2\/posts\/68414\/revisions"}],"predecessor-version":[{"id":68423,"href":"https:\/\/hablemosclarotdf.com.ar\/index.php?rest_route=\/wp\/v2\/posts\/68414\/revisions\/68423"}],"wp:featuredmedia":[{"embeddable":true,"href":"https:\/\/hablemosclarotdf.com.ar\/index.php?rest_route=\/wp\/v2\/media\/68415"}],"wp:attachment":[{"href":"https:\/\/hablemosclarotdf.com.ar\/index.php?rest_route=%2Fwp%2Fv2%2Fmedia&parent=68414"}],"wp:term":[{"taxonomy":"category","embeddable":true,"href":"https:\/\/hablemosclarotdf.com.ar\/index.php?rest_route=%2Fwp%2Fv2%2Fcategories&post=68414"},{"taxonomy":"post_tag","embeddable":true,"href":"https:\/\/hablemosclarotdf.com.ar\/index.php?rest_route=%2Fwp%2Fv2%2Ftags&post=68414"}],"curies":[{"name":"wp","href":"https:\/\/api.w.org\/{rel}","templated":true}]}}