{"id":68409,"date":"2026-03-04T17:35:25","date_gmt":"2026-03-04T20:35:25","guid":{"rendered":"https:\/\/hablemosclarotdf.com.ar\/?p=68409"},"modified":"2026-03-04T17:35:25","modified_gmt":"2026-03-04T20:35:25","slug":"ushuaia-el-municipio-optimizara-la-gestion-de-la-demanda-habitacional","status":"publish","type":"post","link":"https:\/\/hablemosclarotdf.com.ar\/?p=68409","title":{"rendered":"USHUAIA : EL MUNICIPIO  OPTIMIZAR\u00c1 LA GESTI\u00d3N DE LA DEMANDA HABITACIONAL"},"content":{"rendered":"<p>_El intendente Vuoto firm\u00f3 un convenio de cooperaci\u00f3n_<\/p>\n<p>La Municipalidad de Ushuaia rubric\u00f3 un convenio de cooperaci\u00f3n institucional con Ubatec SA -unidad de vinculaci\u00f3n tecnol\u00f3gica de la Universidad de Buenos Aires-, con el objetivo de dise\u00f1ar e implementar un plan de desarrollo territorial promovido que \u201cgarantice el derecho a la ciudad a todos sus residentes, nuevos habitantes y visitantes\u201d.<br \/>\nLa r\u00fabrica del acuerdo, que permitir\u00e1 al Municipio optimizar la gesti\u00f3n de la demanda habitacional, estuvo a cargo del intendente Walter Vuoto y del gerente general de Ubatec, Eduardo Avelleira.<br \/>\nVuoto estuvo acompa\u00f1ado por la secretaria de H\u00e1bitat y Ordenamiento Territorial, Lorena Henriques Sanches y el secretario de Gobierno, Sebasti\u00e1n Iriarte.<br \/>\nCabe destacar que la firma del convenio, de una duraci\u00f3n de cinco a\u00f1os, no implica compromiso presupuestario o financiero para las partes.<br \/>\nUbatec SA es una entidad con m\u00e1s de 30 a\u00f1os de trayectoria que nuclea la gesti\u00f3n de las asistencias t\u00e9cnicas, consultor\u00edas y la gesti\u00f3n de programas y proyectos de vinculaci\u00f3n con el sector p\u00fablico y privado, de todos los servicios y acciones que son implementados desde la Universidad de Buenos Aires.<\/p>\n<p><img loading=\"lazy\" decoding=\"async\" class=\"alignnone size-medium wp-image-68411\" src=\"https:\/\/hablemosclarotdf.com.ar\/wp-content\/uploads\/2026\/03\/photo_2026-03-04_17-34-18-300x200.jpg\" alt=\"\" width=\"300\" height=\"200\" srcset=\"https:\/\/hablemosclarotdf.com.ar\/wp-content\/uploads\/2026\/03\/photo_2026-03-04_17-34-18-300x200.jpg 300w, https:\/\/hablemosclarotdf.com.ar\/wp-content\/uploads\/2026\/03\/photo_2026-03-04_17-34-18-1024x682.jpg 1024w, https:\/\/hablemosclarotdf.com.ar\/wp-content\/uploads\/2026\/03\/photo_2026-03-04_17-34-18-768x512.jpg 768w, https:\/\/hablemosclarotdf.com.ar\/wp-content\/uploads\/2026\/03\/photo_2026-03-04_17-34-18.jpg 1280w\" sizes=\"auto, (max-width: 300px) 100vw, 300px\" \/><\/p>\n<p>&nbsp;<\/p>\n<p><img loading=\"lazy\" decoding=\"async\" class=\"alignnone size-medium wp-image-68412\" src=\"https:\/\/hablemosclarotdf.com.ar\/wp-content\/uploads\/2026\/03\/photo_2026-03-04_17-34-23-300x200.jpg\" alt=\"\" width=\"300\" height=\"200\" srcset=\"https:\/\/hablemosclarotdf.com.ar\/wp-content\/uploads\/2026\/03\/photo_2026-03-04_17-34-23-300x200.jpg 300w, https:\/\/hablemosclarotdf.com.ar\/wp-content\/uploads\/2026\/03\/photo_2026-03-04_17-34-23-1024x682.jpg 1024w, https:\/\/hablemosclarotdf.com.ar\/wp-content\/uploads\/2026\/03\/photo_2026-03-04_17-34-23-768x512.jpg 768w, https:\/\/hablemosclarotdf.com.ar\/wp-content\/uploads\/2026\/03\/photo_2026-03-04_17-34-23.jpg 1280w\" sizes=\"auto, (max-width: 300px) 100vw, 300px\" \/><\/p>\n","protected":false},"excerpt":{"rendered":"<p>_El intendente Vuoto firm\u00f3 un convenio de cooperaci\u00f3n_ La Municipalidad de Ushuaia rubric\u00f3 un convenio&#8230;<\/p>\n","protected":false},"author":1,"featured_media":68410,"comment_status":"closed","ping_status":"closed","sticky":false,"template":"","format":"standard","meta":{"footnotes":""},"categories":[3],"tags":[],"class_list":["post-68409","post","type-post","status-publish","format-standard","has-post-thumbnail","hentry","category-noticias"],"jetpack_featured_media_url":"https:\/\/hablemosclarotdf.com.ar\/wp-content\/uploads\/2026\/03\/photo_2026-03-04_17-34-14.jpg","_links":{"self":[{"href":"https:\/\/hablemosclarotdf.com.ar\/index.php?rest_route=\/wp\/v2\/posts\/68409","targetHints":{"allow":["GET"]}}],"collection":[{"href":"https:\/\/hablemosclarotdf.com.ar\/index.php?rest_route=\/wp\/v2\/posts"}],"about":[{"href":"https:\/\/hablemosclarotdf.com.ar\/index.php?rest_route=\/wp\/v2\/types\/post"}],"author":[{"embeddable":true,"href":"https:\/\/hablemosclarotdf.com.ar\/index.php?rest_route=\/wp\/v2\/users\/1"}],"replies":[{"embeddable":true,"href":"https:\/\/hablemosclarotdf.com.ar\/index.php?rest_route=%2Fwp%2Fv2%2Fcomments&post=68409"}],"version-history":[{"count":1,"href":"https:\/\/hablemosclarotdf.com.ar\/index.php?rest_route=\/wp\/v2\/posts\/68409\/revisions"}],"predecessor-version":[{"id":68413,"href":"https:\/\/hablemosclarotdf.com.ar\/index.php?rest_route=\/wp\/v2\/posts\/68409\/revisions\/68413"}],"wp:featuredmedia":[{"embeddable":true,"href":"https:\/\/hablemosclarotdf.com.ar\/index.php?rest_route=\/wp\/v2\/media\/68410"}],"wp:attachment":[{"href":"https:\/\/hablemosclarotdf.com.ar\/index.php?rest_route=%2Fwp%2Fv2%2Fmedia&parent=68409"}],"wp:term":[{"taxonomy":"category","embeddable":true,"href":"https:\/\/hablemosclarotdf.com.ar\/index.php?rest_route=%2Fwp%2Fv2%2Fcategories&post=68409"},{"taxonomy":"post_tag","embeddable":true,"href":"https:\/\/hablemosclarotdf.com.ar\/index.php?rest_route=%2Fwp%2Fv2%2Ftags&post=68409"}],"curies":[{"name":"wp","href":"https:\/\/api.w.org\/{rel}","templated":true}]}}