{"id":68406,"date":"2026-03-04T16:09:57","date_gmt":"2026-03-04T19:09:57","guid":{"rendered":"https:\/\/hablemosclarotdf.com.ar\/?p=68406"},"modified":"2026-03-04T16:09:57","modified_gmt":"2026-03-04T19:09:57","slug":"la-direccion-provincial-de-obras-y-servicios-sanitarios-informa-un-corte-programado-en-tolhuin","status":"publish","type":"post","link":"https:\/\/hablemosclarotdf.com.ar\/?p=68406","title":{"rendered":"LA DIRECCI\u00d3N PROVINCIAL DE OBRAS Y SERVICIOS SANITARIOS INFORMA UN CORTE PROGRAMADO EN TOLHUIN"},"content":{"rendered":"<p>La Direcci\u00f3n Provincial de Obras y Servicio Sanitarios informa a la comunidad de Tolhuin que el d\u00eda 5 de marzo, en el horario de 7 a 15 h., se realizar\u00e1 un corte programado del servicio.<\/p>\n<p>El mismo se dar\u00e1 en el marco de los trabajos de instalaci\u00f3n de una v\u00e1lvula en inmediaciones de la intersecci\u00f3n de las calles Los \u00d1ires y Calafate, siempre y cuando las condiciones clim\u00e1ticas acompa\u00f1en.<\/p>\n<p>Cabe resaltar que estos trabajos permitir\u00e1n el abastecimiento de agua potable a la urbanizaci\u00f3n Laderas del Kamuk.<\/p>\n<p>Desde el organismo se solicita disculpas a los usuarios por las molestias ocasionadas.<\/p>\n","protected":false},"excerpt":{"rendered":"<p>La Direcci\u00f3n Provincial de Obras y Servicio Sanitarios informa a la comunidad de Tolhuin que&#8230;<\/p>\n","protected":false},"author":1,"featured_media":68407,"comment_status":"closed","ping_status":"closed","sticky":false,"template":"","format":"standard","meta":{"footnotes":""},"categories":[3],"tags":[],"class_list":["post-68406","post","type-post","status-publish","format-standard","has-post-thumbnail","hentry","category-noticias"],"jetpack_featured_media_url":"https:\/\/hablemosclarotdf.com.ar\/wp-content\/uploads\/2026\/03\/photo_2026-03-04_16-09-04.jpg","_links":{"self":[{"href":"https:\/\/hablemosclarotdf.com.ar\/index.php?rest_route=\/wp\/v2\/posts\/68406","targetHints":{"allow":["GET"]}}],"collection":[{"href":"https:\/\/hablemosclarotdf.com.ar\/index.php?rest_route=\/wp\/v2\/posts"}],"about":[{"href":"https:\/\/hablemosclarotdf.com.ar\/index.php?rest_route=\/wp\/v2\/types\/post"}],"author":[{"embeddable":true,"href":"https:\/\/hablemosclarotdf.com.ar\/index.php?rest_route=\/wp\/v2\/users\/1"}],"replies":[{"embeddable":true,"href":"https:\/\/hablemosclarotdf.com.ar\/index.php?rest_route=%2Fwp%2Fv2%2Fcomments&post=68406"}],"version-history":[{"count":1,"href":"https:\/\/hablemosclarotdf.com.ar\/index.php?rest_route=\/wp\/v2\/posts\/68406\/revisions"}],"predecessor-version":[{"id":68408,"href":"https:\/\/hablemosclarotdf.com.ar\/index.php?rest_route=\/wp\/v2\/posts\/68406\/revisions\/68408"}],"wp:featuredmedia":[{"embeddable":true,"href":"https:\/\/hablemosclarotdf.com.ar\/index.php?rest_route=\/wp\/v2\/media\/68407"}],"wp:attachment":[{"href":"https:\/\/hablemosclarotdf.com.ar\/index.php?rest_route=%2Fwp%2Fv2%2Fmedia&parent=68406"}],"wp:term":[{"taxonomy":"category","embeddable":true,"href":"https:\/\/hablemosclarotdf.com.ar\/index.php?rest_route=%2Fwp%2Fv2%2Fcategories&post=68406"},{"taxonomy":"post_tag","embeddable":true,"href":"https:\/\/hablemosclarotdf.com.ar\/index.php?rest_route=%2Fwp%2Fv2%2Ftags&post=68406"}],"curies":[{"name":"wp","href":"https:\/\/api.w.org\/{rel}","templated":true}]}}