{"id":68397,"date":"2026-03-04T15:25:36","date_gmt":"2026-03-04T18:25:36","guid":{"rendered":"https:\/\/hablemosclarotdf.com.ar\/?p=68397"},"modified":"2026-03-04T15:25:36","modified_gmt":"2026-03-04T18:25:36","slug":"la-intervencion-del-puerto-paraliza-obras-clave-y-genera-preocupacion-en-todo-el-sistema-portuario","status":"publish","type":"post","link":"https:\/\/hablemosclarotdf.com.ar\/?p=68397","title":{"rendered":"&#8220;LA INTERVENCI\u00d3N DEL PUERTO PARALIZA OBRAS CLAVE Y GENERA PREOCUPACI\u00d3N EN TODO EL SISTEMA PORTUARIO&#8221;"},"content":{"rendered":"<p>El presidente de la Direcci\u00f3n Provincial de Puertos, Roberto Murcia, cuestion\u00f3 la intervenci\u00f3n del \u00e1rea log\u00edstica del Puerto de Ushuaia y advirti\u00f3 sobre sus consecuencias institucionales, econ\u00f3micas y operativas.<\/p>\n<p>Murcia explic\u00f3 que desde el 21 de enero la conducci\u00f3n provincial no puede ingresar al \u00e1rea intervenida y que se realizaron las presentaciones administrativas y judiciales correspondientes, incluyendo el pedido de restituci\u00f3n de los fondos. En ese marco, se\u00f1al\u00f3 que se encuentran a la espera de una resoluci\u00f3n de la C\u00e1mara de Comodoro Rivadavia.<\/p>\n<p>\u201cLa intervenci\u00f3n paraliza obras clave y genera incertidumbre en todo el sistema portuario\u201d, afirm\u00f3, al referirse al impacto que la medida tiene sobre la planificaci\u00f3n y el desarrollo de infraestructura.<\/p>\n<p>Se\u00f1al\u00f3 que la situaci\u00f3n impide avanzar con proyectos estrat\u00e9gicos previstos para este a\u00f1o, entre ellos el nuevo sistema de defensas, la ampliaci\u00f3n del muelle comercial y mejoras en el sector de catamaranes y carga. \u201cSon obras fundamentales para acompa\u00f1ar el crecimiento del puerto y garantizar mayor capacidad operativa\u201d, sostuvo.<\/p>\n<p>Asimismo, hizo referencia al proyecto de inversi\u00f3n privada presentado por el Grupo Mirgor para la construcci\u00f3n de una nueva terminal de pasajeros y catamaranes. \u201cEs una obra necesaria para modernizar el puerto, pero si no se resuelve esta situaci\u00f3n institucional, cualquier inversi\u00f3n queda sujeta a demoras e incertidumbre\u201d, advirti\u00f3.<\/p>\n<p>Finalmente, expres\u00f3 su expectativa por alcanzar una pronta definici\u00f3n que permita restituir la administraci\u00f3n provincial y recuperar previsibilidad para el sistema portuario fueguino.<\/p>\n<p><img loading=\"lazy\" decoding=\"async\" class=\"alignnone size-medium wp-image-68399\" src=\"https:\/\/hablemosclarotdf.com.ar\/wp-content\/uploads\/2026\/03\/photo_2026-03-04_15-24-32-300x200.jpg\" alt=\"\" width=\"300\" height=\"200\" srcset=\"https:\/\/hablemosclarotdf.com.ar\/wp-content\/uploads\/2026\/03\/photo_2026-03-04_15-24-32-300x200.jpg 300w, https:\/\/hablemosclarotdf.com.ar\/wp-content\/uploads\/2026\/03\/photo_2026-03-04_15-24-32-1024x682.jpg 1024w, https:\/\/hablemosclarotdf.com.ar\/wp-content\/uploads\/2026\/03\/photo_2026-03-04_15-24-32-768x511.jpg 768w, https:\/\/hablemosclarotdf.com.ar\/wp-content\/uploads\/2026\/03\/photo_2026-03-04_15-24-32.jpg 1280w\" sizes=\"auto, (max-width: 300px) 100vw, 300px\" \/> <img loading=\"lazy\" decoding=\"async\" class=\"alignnone size-medium wp-image-68400\" src=\"https:\/\/hablemosclarotdf.com.ar\/wp-content\/uploads\/2026\/03\/photo_2026-03-04_15-24-37-300x200.jpg\" alt=\"\" width=\"300\" height=\"200\" srcset=\"https:\/\/hablemosclarotdf.com.ar\/wp-content\/uploads\/2026\/03\/photo_2026-03-04_15-24-37-300x200.jpg 300w, https:\/\/hablemosclarotdf.com.ar\/wp-content\/uploads\/2026\/03\/photo_2026-03-04_15-24-37-1024x682.jpg 1024w, https:\/\/hablemosclarotdf.com.ar\/wp-content\/uploads\/2026\/03\/photo_2026-03-04_15-24-37-768x512.jpg 768w, https:\/\/hablemosclarotdf.com.ar\/wp-content\/uploads\/2026\/03\/photo_2026-03-04_15-24-37.jpg 1280w\" sizes=\"auto, (max-width: 300px) 100vw, 300px\" \/> <img loading=\"lazy\" decoding=\"async\" class=\"alignnone size-medium wp-image-68401\" src=\"https:\/\/hablemosclarotdf.com.ar\/wp-content\/uploads\/2026\/03\/photo_2026-03-04_15-24-41-300x200.jpg\" alt=\"\" width=\"300\" height=\"200\" srcset=\"https:\/\/hablemosclarotdf.com.ar\/wp-content\/uploads\/2026\/03\/photo_2026-03-04_15-24-41-300x200.jpg 300w, https:\/\/hablemosclarotdf.com.ar\/wp-content\/uploads\/2026\/03\/photo_2026-03-04_15-24-41-1024x682.jpg 1024w, https:\/\/hablemosclarotdf.com.ar\/wp-content\/uploads\/2026\/03\/photo_2026-03-04_15-24-41-768x512.jpg 768w, https:\/\/hablemosclarotdf.com.ar\/wp-content\/uploads\/2026\/03\/photo_2026-03-04_15-24-41.jpg 1280w\" sizes=\"auto, (max-width: 300px) 100vw, 300px\" \/><\/p>\n","protected":false},"excerpt":{"rendered":"<p>El presidente de la Direcci\u00f3n Provincial de Puertos, Roberto Murcia, cuestion\u00f3 la intervenci\u00f3n del \u00e1rea&#8230;<\/p>\n","protected":false},"author":1,"featured_media":68398,"comment_status":"closed","ping_status":"closed","sticky":false,"template":"","format":"standard","meta":{"footnotes":""},"categories":[3],"tags":[],"class_list":["post-68397","post","type-post","status-publish","format-standard","has-post-thumbnail","hentry","category-noticias"],"jetpack_featured_media_url":"https:\/\/hablemosclarotdf.com.ar\/wp-content\/uploads\/2026\/03\/photo_2026-03-04_15-24-23.jpg","_links":{"self":[{"href":"https:\/\/hablemosclarotdf.com.ar\/index.php?rest_route=\/wp\/v2\/posts\/68397","targetHints":{"allow":["GET"]}}],"collection":[{"href":"https:\/\/hablemosclarotdf.com.ar\/index.php?rest_route=\/wp\/v2\/posts"}],"about":[{"href":"https:\/\/hablemosclarotdf.com.ar\/index.php?rest_route=\/wp\/v2\/types\/post"}],"author":[{"embeddable":true,"href":"https:\/\/hablemosclarotdf.com.ar\/index.php?rest_route=\/wp\/v2\/users\/1"}],"replies":[{"embeddable":true,"href":"https:\/\/hablemosclarotdf.com.ar\/index.php?rest_route=%2Fwp%2Fv2%2Fcomments&post=68397"}],"version-history":[{"count":1,"href":"https:\/\/hablemosclarotdf.com.ar\/index.php?rest_route=\/wp\/v2\/posts\/68397\/revisions"}],"predecessor-version":[{"id":68402,"href":"https:\/\/hablemosclarotdf.com.ar\/index.php?rest_route=\/wp\/v2\/posts\/68397\/revisions\/68402"}],"wp:featuredmedia":[{"embeddable":true,"href":"https:\/\/hablemosclarotdf.com.ar\/index.php?rest_route=\/wp\/v2\/media\/68398"}],"wp:attachment":[{"href":"https:\/\/hablemosclarotdf.com.ar\/index.php?rest_route=%2Fwp%2Fv2%2Fmedia&parent=68397"}],"wp:term":[{"taxonomy":"category","embeddable":true,"href":"https:\/\/hablemosclarotdf.com.ar\/index.php?rest_route=%2Fwp%2Fv2%2Fcategories&post=68397"},{"taxonomy":"post_tag","embeddable":true,"href":"https:\/\/hablemosclarotdf.com.ar\/index.php?rest_route=%2Fwp%2Fv2%2Ftags&post=68397"}],"curies":[{"name":"wp","href":"https:\/\/api.w.org\/{rel}","templated":true}]}}