{"id":68373,"date":"2026-03-04T12:16:14","date_gmt":"2026-03-04T15:16:14","guid":{"rendered":"https:\/\/hablemosclarotdf.com.ar\/?p=68373"},"modified":"2026-03-04T12:16:14","modified_gmt":"2026-03-04T15:16:14","slug":"rio-grande-defensa-civil-emite-recomendaciones-ante-alerta-de-viento","status":"publish","type":"post","link":"https:\/\/hablemosclarotdf.com.ar\/?p=68373","title":{"rendered":"RIO GRANDE : DEFENSA CIVIL  EMITE RECOMENDACIONES ANTE ALERTA DE VIENTO"},"content":{"rendered":"<p>La Municipalidad de Ushuaia informa sobre una alerta amarilla por fuertes vientos, emitida por el Servicio Meteorol\u00f3gico Nacional (SMN), para la tarde y noche de este mi\u00e9rcoles y se extender\u00eda hasta la ma\u00f1ana del jueves. Motivo por el cual se solicita a la comunidad tomar las precauciones necesarias y mantenerse informada a trav\u00e9s de los canales oficiales.<br \/>\nDesde Defensa Civil Municipal indicaron que se esperan vientos, con r\u00e1fagas que pueden superar los 90 kil\u00f3metros, por esa raz\u00f3n se recomienda a los vecinos y vecinas asegurar objetos que se encuentren en el exterior de las viviendas, retirar elementos sueltos de balcones y patios, y evitar dejar residuos domiciliarios o voluminosos fuera de los horarios habituales de recolecci\u00f3n, a fin de prevenir situaciones de riesgo para terceros.<br \/>\nAsimismo, se recuerda la importancia de circular con precauci\u00f3n, especialmente en zonas expuestas al viento, y verificar que chapas, maderas u otros materiales est\u00e9n correctamente fijados para evitar voladuras.<br \/>\nAnte cualquier emergencia, la l\u00ednea 103 de Defensa Civil se encuentra disponible las 24 horas.<\/p>\n","protected":false},"excerpt":{"rendered":"<p>La Municipalidad de Ushuaia informa sobre una alerta amarilla por fuertes vientos, emitida por el&#8230;<\/p>\n","protected":false},"author":1,"featured_media":68374,"comment_status":"closed","ping_status":"closed","sticky":false,"template":"","format":"standard","meta":{"footnotes":""},"categories":[3],"tags":[],"class_list":["post-68373","post","type-post","status-publish","format-standard","has-post-thumbnail","hentry","category-noticias"],"jetpack_featured_media_url":"https:\/\/hablemosclarotdf.com.ar\/wp-content\/uploads\/2026\/03\/photo_2026-03-04_12-15-57.jpg","_links":{"self":[{"href":"https:\/\/hablemosclarotdf.com.ar\/index.php?rest_route=\/wp\/v2\/posts\/68373","targetHints":{"allow":["GET"]}}],"collection":[{"href":"https:\/\/hablemosclarotdf.com.ar\/index.php?rest_route=\/wp\/v2\/posts"}],"about":[{"href":"https:\/\/hablemosclarotdf.com.ar\/index.php?rest_route=\/wp\/v2\/types\/post"}],"author":[{"embeddable":true,"href":"https:\/\/hablemosclarotdf.com.ar\/index.php?rest_route=\/wp\/v2\/users\/1"}],"replies":[{"embeddable":true,"href":"https:\/\/hablemosclarotdf.com.ar\/index.php?rest_route=%2Fwp%2Fv2%2Fcomments&post=68373"}],"version-history":[{"count":1,"href":"https:\/\/hablemosclarotdf.com.ar\/index.php?rest_route=\/wp\/v2\/posts\/68373\/revisions"}],"predecessor-version":[{"id":68375,"href":"https:\/\/hablemosclarotdf.com.ar\/index.php?rest_route=\/wp\/v2\/posts\/68373\/revisions\/68375"}],"wp:featuredmedia":[{"embeddable":true,"href":"https:\/\/hablemosclarotdf.com.ar\/index.php?rest_route=\/wp\/v2\/media\/68374"}],"wp:attachment":[{"href":"https:\/\/hablemosclarotdf.com.ar\/index.php?rest_route=%2Fwp%2Fv2%2Fmedia&parent=68373"}],"wp:term":[{"taxonomy":"category","embeddable":true,"href":"https:\/\/hablemosclarotdf.com.ar\/index.php?rest_route=%2Fwp%2Fv2%2Fcategories&post=68373"},{"taxonomy":"post_tag","embeddable":true,"href":"https:\/\/hablemosclarotdf.com.ar\/index.php?rest_route=%2Fwp%2Fv2%2Ftags&post=68373"}],"curies":[{"name":"wp","href":"https:\/\/api.w.org\/{rel}","templated":true}]}}