{"id":68370,"date":"2026-03-04T11:53:38","date_gmt":"2026-03-04T14:53:38","guid":{"rendered":"https:\/\/hablemosclarotdf.com.ar\/?p=68370"},"modified":"2026-03-04T11:53:38","modified_gmt":"2026-03-04T14:53:38","slug":"el-gobierno-provincial-presenta-una-agenda-de-actividades-por-el-dia-internacional-de-la-mujer-trabajadora","status":"publish","type":"post","link":"https:\/\/hablemosclarotdf.com.ar\/?p=68370","title":{"rendered":"EL GOBIERNO PROVINCIAL PRESENTA UNA AGENDA DE ACTIVIDADES POR EL D\u00cdA INTERNACIONAL DE LA MUJER TRABAJADORA"},"content":{"rendered":"<p>En el marco del D\u00eda Internacional de la Mujer Trabajadora, que se conmemora cada 8 de marzo en homenaje a las luchas hist\u00f3ricas de las mujeres por la igualdad de derechos, el Gobierno de la provincia, llevar\u00e1 adelante una agenda de actividades abiertas a la comunidad.<\/p>\n<p>Las propuestas incluyen acciones art\u00edsticas, talleres de emprendedurismo, jornadas comunitarias de salud, capacitaciones y encuentros organizados por distintas \u00e1reas del Gobierno provincial.<\/p>\n<p>Quienes deseen conocer la agenda completa pueden ingresar a https:\/\/www.tierradelfuego.gob.ar\/agenda-mes-de-la-mujer\/, donde se encuentran detalladas las actividades por d\u00eda y horario.<\/p>\n<p>Cabe resaltar que estas iniciativas buscan fortalecer las pol\u00edticas p\u00fablicas con perspectiva de g\u00e9nero, promover el acceso a derechos y acompa\u00f1ar la autonom\u00eda econ\u00f3mica y la participaci\u00f3n pol\u00edtica de las mujeres y juventudes fueguinas.<\/p>\n","protected":false},"excerpt":{"rendered":"<p>En el marco del D\u00eda Internacional de la Mujer Trabajadora, que se conmemora cada 8&#8230;<\/p>\n","protected":false},"author":1,"featured_media":68371,"comment_status":"closed","ping_status":"closed","sticky":false,"template":"","format":"standard","meta":{"footnotes":""},"categories":[3],"tags":[],"class_list":["post-68370","post","type-post","status-publish","format-standard","has-post-thumbnail","hentry","category-noticias"],"jetpack_featured_media_url":"https:\/\/hablemosclarotdf.com.ar\/wp-content\/uploads\/2026\/03\/photo_2026-03-04_11-53-13.jpg","_links":{"self":[{"href":"https:\/\/hablemosclarotdf.com.ar\/index.php?rest_route=\/wp\/v2\/posts\/68370","targetHints":{"allow":["GET"]}}],"collection":[{"href":"https:\/\/hablemosclarotdf.com.ar\/index.php?rest_route=\/wp\/v2\/posts"}],"about":[{"href":"https:\/\/hablemosclarotdf.com.ar\/index.php?rest_route=\/wp\/v2\/types\/post"}],"author":[{"embeddable":true,"href":"https:\/\/hablemosclarotdf.com.ar\/index.php?rest_route=\/wp\/v2\/users\/1"}],"replies":[{"embeddable":true,"href":"https:\/\/hablemosclarotdf.com.ar\/index.php?rest_route=%2Fwp%2Fv2%2Fcomments&post=68370"}],"version-history":[{"count":1,"href":"https:\/\/hablemosclarotdf.com.ar\/index.php?rest_route=\/wp\/v2\/posts\/68370\/revisions"}],"predecessor-version":[{"id":68372,"href":"https:\/\/hablemosclarotdf.com.ar\/index.php?rest_route=\/wp\/v2\/posts\/68370\/revisions\/68372"}],"wp:featuredmedia":[{"embeddable":true,"href":"https:\/\/hablemosclarotdf.com.ar\/index.php?rest_route=\/wp\/v2\/media\/68371"}],"wp:attachment":[{"href":"https:\/\/hablemosclarotdf.com.ar\/index.php?rest_route=%2Fwp%2Fv2%2Fmedia&parent=68370"}],"wp:term":[{"taxonomy":"category","embeddable":true,"href":"https:\/\/hablemosclarotdf.com.ar\/index.php?rest_route=%2Fwp%2Fv2%2Fcategories&post=68370"},{"taxonomy":"post_tag","embeddable":true,"href":"https:\/\/hablemosclarotdf.com.ar\/index.php?rest_route=%2Fwp%2Fv2%2Ftags&post=68370"}],"curies":[{"name":"wp","href":"https:\/\/api.w.org\/{rel}","templated":true}]}}