{"id":68367,"date":"2026-03-04T11:52:17","date_gmt":"2026-03-04T14:52:17","guid":{"rendered":"https:\/\/hablemosclarotdf.com.ar\/?p=68367"},"modified":"2026-03-04T11:52:17","modified_gmt":"2026-03-04T14:52:17","slug":"rio-grande-recomendaciones-por-fuertes-vientos-durante-esta-tarde","status":"publish","type":"post","link":"https:\/\/hablemosclarotdf.com.ar\/?p=68367","title":{"rendered":"RIO GRANDE : RECOMENDACIONES POR FUERTES VIENTOS DURANTE ESTA TARDE"},"content":{"rendered":"<p>El Municipio informa a la comunidad que esta tarde se prev\u00e9 una jornada ventosa con r\u00e1fagas que podr\u00edan superar los 70 km\/h, entre las 15 y las 19 horas. La misma afectar\u00e1 a toda la provincia y fue emitida por el Servicio Meteorol\u00f3gico Nacional.<\/p>\n<p>Por este motivo, se solicita a vecinos y vecinas tomar los recaudos necesarios a fin de evitar inconvenientes, especialmente en el desarrollo de trabajos y eventos al aire libre. Asimismo, se solicita asegurar materiales, herramientas y todo elemento que pueda desplazarse producto del viento y mantenerse informado a trav\u00e9s de los canales oficiales.<\/p>\n<p>Tambi\u00e9n se recomienda circular con precauci\u00f3n y consultar previamente si est\u00e1n dadas las condiciones para transitar de forma segura en la ruta.<\/p>\n<p>Ante cualquier inconveniente y\/o situaci\u00f3n de emergencia, se recuerda que se encuentra activo Defensa Civil Municipal, disponible a trav\u00e9s de la l\u00ednea 103.<\/p>\n","protected":false},"excerpt":{"rendered":"<p>El Municipio informa a la comunidad que esta tarde se prev\u00e9 una jornada ventosa con&#8230;<\/p>\n","protected":false},"author":1,"featured_media":68368,"comment_status":"closed","ping_status":"closed","sticky":false,"template":"","format":"standard","meta":{"footnotes":""},"categories":[3],"tags":[],"class_list":["post-68367","post","type-post","status-publish","format-standard","has-post-thumbnail","hentry","category-noticias"],"jetpack_featured_media_url":"https:\/\/hablemosclarotdf.com.ar\/wp-content\/uploads\/2026\/03\/photo_2026-03-04_11-51-59.jpg","_links":{"self":[{"href":"https:\/\/hablemosclarotdf.com.ar\/index.php?rest_route=\/wp\/v2\/posts\/68367","targetHints":{"allow":["GET"]}}],"collection":[{"href":"https:\/\/hablemosclarotdf.com.ar\/index.php?rest_route=\/wp\/v2\/posts"}],"about":[{"href":"https:\/\/hablemosclarotdf.com.ar\/index.php?rest_route=\/wp\/v2\/types\/post"}],"author":[{"embeddable":true,"href":"https:\/\/hablemosclarotdf.com.ar\/index.php?rest_route=\/wp\/v2\/users\/1"}],"replies":[{"embeddable":true,"href":"https:\/\/hablemosclarotdf.com.ar\/index.php?rest_route=%2Fwp%2Fv2%2Fcomments&post=68367"}],"version-history":[{"count":1,"href":"https:\/\/hablemosclarotdf.com.ar\/index.php?rest_route=\/wp\/v2\/posts\/68367\/revisions"}],"predecessor-version":[{"id":68369,"href":"https:\/\/hablemosclarotdf.com.ar\/index.php?rest_route=\/wp\/v2\/posts\/68367\/revisions\/68369"}],"wp:featuredmedia":[{"embeddable":true,"href":"https:\/\/hablemosclarotdf.com.ar\/index.php?rest_route=\/wp\/v2\/media\/68368"}],"wp:attachment":[{"href":"https:\/\/hablemosclarotdf.com.ar\/index.php?rest_route=%2Fwp%2Fv2%2Fmedia&parent=68367"}],"wp:term":[{"taxonomy":"category","embeddable":true,"href":"https:\/\/hablemosclarotdf.com.ar\/index.php?rest_route=%2Fwp%2Fv2%2Fcategories&post=68367"},{"taxonomy":"post_tag","embeddable":true,"href":"https:\/\/hablemosclarotdf.com.ar\/index.php?rest_route=%2Fwp%2Fv2%2Ftags&post=68367"}],"curies":[{"name":"wp","href":"https:\/\/api.w.org\/{rel}","templated":true}]}}