{"id":68364,"date":"2026-03-04T10:59:57","date_gmt":"2026-03-04T13:59:57","guid":{"rendered":"https:\/\/hablemosclarotdf.com.ar\/?p=68364"},"modified":"2026-03-04T10:59:57","modified_gmt":"2026-03-04T13:59:57","slug":"corte-de-energia-en-sector-del-barrio-640-viviendas-de-ushuaia","status":"publish","type":"post","link":"https:\/\/hablemosclarotdf.com.ar\/?p=68364","title":{"rendered":"CORTE DE ENERG\u00cdA EN SECTOR DEL BARRIO 640 VIVIENDAS DE USHUAIA"},"content":{"rendered":"<p>La Direcci\u00f3n Provincial de Energ\u00eda informa a la comunidad que, debido a trabajos de emergencia en la subestaci\u00f3n ubicada sobre la calle Pioneros Fueguinos, frente al Jard\u00edn N\u00b0 18, se realiz\u00f3 un corte de energ\u00eda en el sector del barrio 640 Viviendas.<\/p>\n<p>El tiempo estimado de interrupci\u00f3n del servicio ser\u00e1 de aproximadamente 1 hora.<\/p>\n<p>Personal t\u00e9cnico ya se encuentra trabajando en el lugar a fin de resolver la situaci\u00f3n con la mayor celeridad posible y garantizar la normalizaci\u00f3n segura del suministro el\u00e9ctrico.<\/p>\n<p>La DPE agradece la comprensi\u00f3n de los vecinos y vecinas ante las molestias ocasionadas.<\/p>\n","protected":false},"excerpt":{"rendered":"<p>La Direcci\u00f3n Provincial de Energ\u00eda informa a la comunidad que, debido a trabajos de emergencia&#8230;<\/p>\n","protected":false},"author":1,"featured_media":68365,"comment_status":"closed","ping_status":"closed","sticky":false,"template":"","format":"standard","meta":{"footnotes":""},"categories":[3],"tags":[],"class_list":["post-68364","post","type-post","status-publish","format-standard","has-post-thumbnail","hentry","category-noticias"],"jetpack_featured_media_url":"https:\/\/hablemosclarotdf.com.ar\/wp-content\/uploads\/2026\/03\/photo_2026-03-04_10-58-52.jpg","_links":{"self":[{"href":"https:\/\/hablemosclarotdf.com.ar\/index.php?rest_route=\/wp\/v2\/posts\/68364","targetHints":{"allow":["GET"]}}],"collection":[{"href":"https:\/\/hablemosclarotdf.com.ar\/index.php?rest_route=\/wp\/v2\/posts"}],"about":[{"href":"https:\/\/hablemosclarotdf.com.ar\/index.php?rest_route=\/wp\/v2\/types\/post"}],"author":[{"embeddable":true,"href":"https:\/\/hablemosclarotdf.com.ar\/index.php?rest_route=\/wp\/v2\/users\/1"}],"replies":[{"embeddable":true,"href":"https:\/\/hablemosclarotdf.com.ar\/index.php?rest_route=%2Fwp%2Fv2%2Fcomments&post=68364"}],"version-history":[{"count":1,"href":"https:\/\/hablemosclarotdf.com.ar\/index.php?rest_route=\/wp\/v2\/posts\/68364\/revisions"}],"predecessor-version":[{"id":68366,"href":"https:\/\/hablemosclarotdf.com.ar\/index.php?rest_route=\/wp\/v2\/posts\/68364\/revisions\/68366"}],"wp:featuredmedia":[{"embeddable":true,"href":"https:\/\/hablemosclarotdf.com.ar\/index.php?rest_route=\/wp\/v2\/media\/68365"}],"wp:attachment":[{"href":"https:\/\/hablemosclarotdf.com.ar\/index.php?rest_route=%2Fwp%2Fv2%2Fmedia&parent=68364"}],"wp:term":[{"taxonomy":"category","embeddable":true,"href":"https:\/\/hablemosclarotdf.com.ar\/index.php?rest_route=%2Fwp%2Fv2%2Fcategories&post=68364"},{"taxonomy":"post_tag","embeddable":true,"href":"https:\/\/hablemosclarotdf.com.ar\/index.php?rest_route=%2Fwp%2Fv2%2Ftags&post=68364"}],"curies":[{"name":"wp","href":"https:\/\/api.w.org\/{rel}","templated":true}]}}