{"id":68356,"date":"2026-03-04T10:47:28","date_gmt":"2026-03-04T13:47:28","guid":{"rendered":"https:\/\/hablemosclarotdf.com.ar\/?p=68356"},"modified":"2026-03-04T10:47:50","modified_gmt":"2026-03-04T13:47:50","slug":"rio-grande-municipio-y-gremios-acordaron-una-nueva-recomposicion-salarial-para-los-trabajadores-2","status":"publish","type":"post","link":"https:\/\/hablemosclarotdf.com.ar\/?p=68356","title":{"rendered":"RIO GRANDE : MUNICIPIO Y GREMIOS ACORDARON UNA NUEVA RECOMPOSICI\u00d3N SALARIAL PARA LOS TRABAJADORES"},"content":{"rendered":"<p>En un nuevo encuentro paritario con los gremios ATE, ATSA, UPCN y ASOEM, el Ejecutivo Municipal anunci\u00f3 un incremento del 4,5% al salario b\u00e1sico, remunerativo y bonificable a partir del 1\u00b0 de marzo, que impactar\u00e1 tambi\u00e9n en los haberes jubilatorios e \u00edtems. El nuevo piso salarial es de 1.100.000 pesos. Adem\u00e1s, la ayuda escolar pasa a ser de 260.000 pesos por estudiante, duplicando el valor abonado el a\u00f1o anterior. Pese al contexto nacional, la gesti\u00f3n del intendente Mart\u00edn Perez ratifica la importancia de la negociaci\u00f3n colectiva como herramienta democr\u00e1tica y la decisi\u00f3n pol\u00edtica de mantener las cuentas ordenadas, para continuar trabajando en la recuperaci\u00f3n salarial de las y los trabajadores municipales.<\/p>\n<p>El secretario de Gobierno, Gast\u00f3n D\u00edaz, mantuvo un encuentro con representantes de las entidades gremiales ATE, UPCN, ASOEM y ATSA. En el marco del mismo, se acord\u00f3 una nueva recomposici\u00f3n salarial del 4,5% al b\u00e1sico, remunerativo y bonificable a partir del 1\u00b0de marzo. Esto beneficiar\u00e1 a todos los trabajadores municipales, incluyendo todos los \u00edtems, e impactando a su vez en los haberes jubilatorios para lo cual se informar\u00e1 de manera inmediata a la Caja de Previsi\u00f3n a efectos de agilizar.<\/p>\n<p>Con el fin de acompa\u00f1ar a las familias de los trabajadores municipales, en el marco del inicio del ciclo lectivo, se acord\u00f3 tambi\u00e9n duplicar la ayuda escolar, quedando en $260.000 por estudiante, representando el doble del valor abonado en relaci\u00f3n al a\u00f1o anterior.<\/p>\n<p><img loading=\"lazy\" decoding=\"async\" class=\"alignnone size-medium wp-image-68359\" src=\"https:\/\/hablemosclarotdf.com.ar\/wp-content\/uploads\/2026\/03\/photo_2026-03-04_10-47-03-300x200.jpg\" alt=\"\" width=\"300\" height=\"200\" srcset=\"https:\/\/hablemosclarotdf.com.ar\/wp-content\/uploads\/2026\/03\/photo_2026-03-04_10-47-03-300x200.jpg 300w, https:\/\/hablemosclarotdf.com.ar\/wp-content\/uploads\/2026\/03\/photo_2026-03-04_10-47-03-768x512.jpg 768w, https:\/\/hablemosclarotdf.com.ar\/wp-content\/uploads\/2026\/03\/photo_2026-03-04_10-47-03.jpg 1000w\" sizes=\"auto, (max-width: 300px) 100vw, 300px\" \/><\/p>\n","protected":false},"excerpt":{"rendered":"<p>En un nuevo encuentro paritario con los gremios ATE, ATSA, UPCN y ASOEM, el Ejecutivo&#8230;<\/p>\n","protected":false},"author":1,"featured_media":68357,"comment_status":"closed","ping_status":"closed","sticky":false,"template":"","format":"standard","meta":{"footnotes":""},"categories":[3],"tags":[],"class_list":["post-68356","post","type-post","status-publish","format-standard","has-post-thumbnail","hentry","category-noticias"],"jetpack_featured_media_url":"https:\/\/hablemosclarotdf.com.ar\/wp-content\/uploads\/2026\/03\/photo_2026-03-04_10-46-55.jpg","_links":{"self":[{"href":"https:\/\/hablemosclarotdf.com.ar\/index.php?rest_route=\/wp\/v2\/posts\/68356","targetHints":{"allow":["GET"]}}],"collection":[{"href":"https:\/\/hablemosclarotdf.com.ar\/index.php?rest_route=\/wp\/v2\/posts"}],"about":[{"href":"https:\/\/hablemosclarotdf.com.ar\/index.php?rest_route=\/wp\/v2\/types\/post"}],"author":[{"embeddable":true,"href":"https:\/\/hablemosclarotdf.com.ar\/index.php?rest_route=\/wp\/v2\/users\/1"}],"replies":[{"embeddable":true,"href":"https:\/\/hablemosclarotdf.com.ar\/index.php?rest_route=%2Fwp%2Fv2%2Fcomments&post=68356"}],"version-history":[{"count":2,"href":"https:\/\/hablemosclarotdf.com.ar\/index.php?rest_route=\/wp\/v2\/posts\/68356\/revisions"}],"predecessor-version":[{"id":68360,"href":"https:\/\/hablemosclarotdf.com.ar\/index.php?rest_route=\/wp\/v2\/posts\/68356\/revisions\/68360"}],"wp:featuredmedia":[{"embeddable":true,"href":"https:\/\/hablemosclarotdf.com.ar\/index.php?rest_route=\/wp\/v2\/media\/68357"}],"wp:attachment":[{"href":"https:\/\/hablemosclarotdf.com.ar\/index.php?rest_route=%2Fwp%2Fv2%2Fmedia&parent=68356"}],"wp:term":[{"taxonomy":"category","embeddable":true,"href":"https:\/\/hablemosclarotdf.com.ar\/index.php?rest_route=%2Fwp%2Fv2%2Fcategories&post=68356"},{"taxonomy":"post_tag","embeddable":true,"href":"https:\/\/hablemosclarotdf.com.ar\/index.php?rest_route=%2Fwp%2Fv2%2Ftags&post=68356"}],"curies":[{"name":"wp","href":"https:\/\/api.w.org\/{rel}","templated":true}]}}