{"id":68326,"date":"2026-03-03T19:10:41","date_gmt":"2026-03-03T22:10:41","guid":{"rendered":"https:\/\/hablemosclarotdf.com.ar\/?p=68326"},"modified":"2026-03-03T19:10:41","modified_gmt":"2026-03-03T22:10:41","slug":"puerto-de-ushuaia-gobierno-avanza-en-la-aprobacion-de-la-inversion-privada-para-la-nueva-terminal-pero-la-intervencion-frena-obras-clave","status":"publish","type":"post","link":"https:\/\/hablemosclarotdf.com.ar\/?p=68326","title":{"rendered":"PUERTO DE USHUAIA: GOBIERNO AVANZA EN LA APROBACI\u00d3N DE LA INVERSI\u00d3N PRIVADA PARA LA NUEVA TERMINAL, PERO LA INTERVENCI\u00d3N FRENA OBRAS CLAVE"},"content":{"rendered":"<p>La Provincia contin\u00faa con el proceso de aprobaci\u00f3n de la inversi\u00f3n de iniciativa privada presentada por el grupo Mirgor para la construcci\u00f3n de una nueva terminal de Pasajeros y Catamaranes en el Puerto de Ushuaia.<\/p>\n<p>El proyecto busca fortalecer la infraestructura portuaria y potenciar el perfil tur\u00edstico y log\u00edstico de la capital fueguina, en un contexto de creciente demanda de servicios vinculados al tr\u00e1nsito de pasajeros y a la actividad ant\u00e1rtica.<\/p>\n<p>La iniciativa contempla el desarrollo de una terminal moderna, con mejores condiciones operativas y de seguridad, orientada a optimizar el embarque y desembarque de pasajeros, as\u00ed como la operatoria de catamaranes y embarcaciones menores.<\/p>\n<p>El presidente de la Direcci\u00f3n de Puerto, Roberto Murcia, destac\u00f3 al respecto \u201cque la obra representa un paso estrat\u00e9gico para consolidar a Ushuaia como puerta de entrada al turismo ant\u00e1rtico y como nodo log\u00edstico del extremo sur del pa\u00eds\u201d.<\/p>\n<p>No obstante, el avance de este proyecto y de otras obras estructurales se encuentra condicionado por la actual intervenci\u00f3n del puerto, situaci\u00f3n que impide dar continuidad a un paquete de trabajos previamente proyectados.<\/p>\n<p>Entre las obras afectadas se encuentran:<\/p>\n<p>La ampliaci\u00f3n de 150 metros del muelle comercial.<\/p>\n<p>La ampliaci\u00f3n de los muelles de catamaranes y embarcaciones menores.<\/p>\n<p>El recambio de defensas en el muelle comercial.<\/p>\n<p>La ejecuci\u00f3n de la carpeta de rodamiento en el muelle comercial.<\/p>\n<p>La primera etapa de la Plazoleta Fiscal, junto con un nuevo muelle de carga, pesca y log\u00edstica ant\u00e1rtica.<\/p>\n<p>De acuerdo con lo se\u00f1alado, la imposibilidad de avanzar con estas iniciativas responde tanto al esquema de intervenci\u00f3n vigente como al desv\u00edo de fondos propios del puerto fueguino hacia las arcas de la Agencia Nacional de Puertos y Navegaci\u00f3n.<\/p>\n<p>En este escenario, mientras el Gobierno de la Provincia impulsa la aprobaci\u00f3n de la inversi\u00f3n privada para la nueva terminal, persiste la incertidumbre sobre el financiamiento y la ejecuci\u00f3n del resto de las obras estrat\u00e9gicas, consideradas fundamentales para el desarrollo integral del sistema portuario de Ushuaia y su proyecci\u00f3n a largo plazo.<\/p>\n<p><img loading=\"lazy\" decoding=\"async\" class=\"alignnone size-medium wp-image-68328\" src=\"https:\/\/hablemosclarotdf.com.ar\/wp-content\/uploads\/2026\/03\/photo_2026-03-03_19-09-54-300x200.jpg\" alt=\"\" width=\"300\" height=\"200\" srcset=\"https:\/\/hablemosclarotdf.com.ar\/wp-content\/uploads\/2026\/03\/photo_2026-03-03_19-09-54-300x200.jpg 300w, https:\/\/hablemosclarotdf.com.ar\/wp-content\/uploads\/2026\/03\/photo_2026-03-03_19-09-54-1024x682.jpg 1024w, https:\/\/hablemosclarotdf.com.ar\/wp-content\/uploads\/2026\/03\/photo_2026-03-03_19-09-54-768x512.jpg 768w, https:\/\/hablemosclarotdf.com.ar\/wp-content\/uploads\/2026\/03\/photo_2026-03-03_19-09-54.jpg 1280w\" sizes=\"auto, (max-width: 300px) 100vw, 300px\" \/> <img loading=\"lazy\" decoding=\"async\" class=\"alignnone size-medium wp-image-68329\" src=\"https:\/\/hablemosclarotdf.com.ar\/wp-content\/uploads\/2026\/03\/photo_2026-03-03_19-09-59-300x200.jpg\" alt=\"\" width=\"300\" height=\"200\" srcset=\"https:\/\/hablemosclarotdf.com.ar\/wp-content\/uploads\/2026\/03\/photo_2026-03-03_19-09-59-300x200.jpg 300w, https:\/\/hablemosclarotdf.com.ar\/wp-content\/uploads\/2026\/03\/photo_2026-03-03_19-09-59-1024x682.jpg 1024w, https:\/\/hablemosclarotdf.com.ar\/wp-content\/uploads\/2026\/03\/photo_2026-03-03_19-09-59-768x512.jpg 768w, https:\/\/hablemosclarotdf.com.ar\/wp-content\/uploads\/2026\/03\/photo_2026-03-03_19-09-59.jpg 1280w\" sizes=\"auto, (max-width: 300px) 100vw, 300px\" \/><\/p>\n","protected":false},"excerpt":{"rendered":"<p>La Provincia contin\u00faa con el proceso de aprobaci\u00f3n de la inversi\u00f3n de iniciativa privada presentada&#8230;<\/p>\n","protected":false},"author":1,"featured_media":68327,"comment_status":"closed","ping_status":"closed","sticky":false,"template":"","format":"standard","meta":{"footnotes":""},"categories":[3],"tags":[],"class_list":["post-68326","post","type-post","status-publish","format-standard","has-post-thumbnail","hentry","category-noticias"],"jetpack_featured_media_url":"https:\/\/hablemosclarotdf.com.ar\/wp-content\/uploads\/2026\/03\/photo_2026-03-03_19-09-49.jpg","_links":{"self":[{"href":"https:\/\/hablemosclarotdf.com.ar\/index.php?rest_route=\/wp\/v2\/posts\/68326","targetHints":{"allow":["GET"]}}],"collection":[{"href":"https:\/\/hablemosclarotdf.com.ar\/index.php?rest_route=\/wp\/v2\/posts"}],"about":[{"href":"https:\/\/hablemosclarotdf.com.ar\/index.php?rest_route=\/wp\/v2\/types\/post"}],"author":[{"embeddable":true,"href":"https:\/\/hablemosclarotdf.com.ar\/index.php?rest_route=\/wp\/v2\/users\/1"}],"replies":[{"embeddable":true,"href":"https:\/\/hablemosclarotdf.com.ar\/index.php?rest_route=%2Fwp%2Fv2%2Fcomments&post=68326"}],"version-history":[{"count":1,"href":"https:\/\/hablemosclarotdf.com.ar\/index.php?rest_route=\/wp\/v2\/posts\/68326\/revisions"}],"predecessor-version":[{"id":68330,"href":"https:\/\/hablemosclarotdf.com.ar\/index.php?rest_route=\/wp\/v2\/posts\/68326\/revisions\/68330"}],"wp:featuredmedia":[{"embeddable":true,"href":"https:\/\/hablemosclarotdf.com.ar\/index.php?rest_route=\/wp\/v2\/media\/68327"}],"wp:attachment":[{"href":"https:\/\/hablemosclarotdf.com.ar\/index.php?rest_route=%2Fwp%2Fv2%2Fmedia&parent=68326"}],"wp:term":[{"taxonomy":"category","embeddable":true,"href":"https:\/\/hablemosclarotdf.com.ar\/index.php?rest_route=%2Fwp%2Fv2%2Fcategories&post=68326"},{"taxonomy":"post_tag","embeddable":true,"href":"https:\/\/hablemosclarotdf.com.ar\/index.php?rest_route=%2Fwp%2Fv2%2Ftags&post=68326"}],"curies":[{"name":"wp","href":"https:\/\/api.w.org\/{rel}","templated":true}]}}