{"id":68316,"date":"2026-03-03T16:44:31","date_gmt":"2026-03-03T19:44:31","guid":{"rendered":"https:\/\/hablemosclarotdf.com.ar\/?p=68316"},"modified":"2026-03-03T16:44:31","modified_gmt":"2026-03-03T19:44:31","slug":"ushuaia-la-municipalidad-llevo-adelante-la-puesta-en-valor-del-cartel-ushuaia-fin-del-mundo","status":"publish","type":"post","link":"https:\/\/hablemosclarotdf.com.ar\/?p=68316","title":{"rendered":"USHUAIA : LA MUNICIPALIDAD LLEV\u00d3 ADELANTE LA PUESTA EN VALOR DEL CARTEL \u201cUSHUAIA FIN DEL MUNDO\u201d"},"content":{"rendered":"<p>Se realiz\u00f3 la renovaci\u00f3n de la ic\u00f3nica pieza<\/p>\n<p>La Municipalidad de Ushuaia, a trav\u00e9s del trabajo de la Secretar\u00eda de Cultura y Educaci\u00f3n, llev\u00f3 adelante la puesta en valor del ic\u00f3nico cartel \u201cUshuaia Fin del Mundo\u201d, que hace m\u00e1s de 30 a\u00f1os recibe a turistas en su arribo a la ciudad.<br \/>\nDicho proceso de puesta en valor, impulsado por la comunidad y la Municipalidad de Ushuaia desde una mesa de trabajo a cargo de su restauraci\u00f3n integral, se encontr\u00f3 a cargo de la artista original de la reconocida pieza art\u00edstica Elsa Zaparart, presentando una postal de la Ushuaia de anta\u00f1o desde el Puerto de la ciudad en madera maciza, con un tratamiento de protecci\u00f3n de la misma. As\u00ed tambi\u00e9n, cuenta a su vez con un proyecto colaborativo garantizando el cuidado del emblem\u00e1tico cartel declarado como Patrimonio Cultural.<br \/>\nBel\u00e9n Molina, secretaria de Cultura y Educaci\u00f3n, explic\u00f3 que \u201cestamos muy contentos de compartir con vecinos, vecinas y visitantes esta restauraci\u00f3n de una parte tan ic\u00f3nica del patrimonio cultural de nuestra ciudad como es el Cartel de Ushuaia. Esto es el resultado de una clara decisi\u00f3n pol\u00edtica de proteger y preservar nuestro patrimonio urbano, celebrando nuestra historia e identidad como fueguinos y fueguinas\u201d.<br \/>\n\u201cHoy vemos el resultado del trabajo articulado de vecinas y vecinos autoconvocados, la comunidad art\u00edstica y las diversas \u00e1reas de la Municipalidad de Ushuaia, que a trav\u00e9s de las distintas mesas de trabajo planific\u00f3 esta puesta en valor y la conservaci\u00f3n de esta pieza. No quiero dejar de recordar tambi\u00e9n al arquitecto Leonardo Lupiano, que desinteresadamente nos acompa\u00f1\u00f3 y asesor\u00f3 al inicio de este proceso\u201d concluy\u00f3 Molina.<br \/>\nPor su parte la artista del Cartel de \u201cUshuaia Fin del Mundo\u201d, Elza Zaparart declar\u00f3 que \u201cpara m\u00ed el Cartel de Ushuaia es m\u00e1s que una pieza que hice con todo mi amor y dedicaci\u00f3n, es una obra que nos representa con elementos aut\u00f3ctonos y presenta a esa Ushuaia antigua, preservando la memoria de este lugar. Hemos trabajado una pieza de lenga maciza, con m\u00faltiples capas de pintura para preservarla, representando tambi\u00e9n a nuestra flor provincial y fauna aut\u00f3ctona junto a una obra que recuerda a la Ushuaia de anta\u00f1o. Hoy se ha convertido en un \u00edcono mundial, con mucho peso simb\u00f3lico del que la gente se ha apropiado con el correr de los a\u00f1os, espero que la comunidad sepa del gran trabajo que conlleva realizar este cartel y lo cuide para que perdure durante los a\u00f1os\u201d.<br \/>\nAs\u00ed tambi\u00e9n, la artista destac\u00f3 que \u201cno quiero dejar de agradecer a qui\u00e9nes tambi\u00e9n son parte de este proyecto de cartel que es de los vecinos y vecinas y siendo un s\u00edmbolo de Ushuaia: Walter Acu\u00f1a, un maestro de la madera que trabaja conmigo hace 30 a\u00f1os; Mar\u00eda Salduna y la nueva generaci\u00f3n de hacedores culturales como Joaqu\u00edn Mazzota, Lola Boffo y Mercedes Chiesa, que trabajaron junto a la Municipalidad en las mesas t\u00e9cnicas que llevaron a esta puesta en valor tan importante para la comunidad \u201d.<\/p>\n<p><img loading=\"lazy\" decoding=\"async\" class=\"alignnone size-medium wp-image-68318\" src=\"https:\/\/hablemosclarotdf.com.ar\/wp-content\/uploads\/2026\/03\/photo_2026-03-03_16-39-21-300x200.jpg\" alt=\"\" width=\"300\" height=\"200\" srcset=\"https:\/\/hablemosclarotdf.com.ar\/wp-content\/uploads\/2026\/03\/photo_2026-03-03_16-39-21-300x200.jpg 300w, https:\/\/hablemosclarotdf.com.ar\/wp-content\/uploads\/2026\/03\/photo_2026-03-03_16-39-21-1024x682.jpg 1024w, https:\/\/hablemosclarotdf.com.ar\/wp-content\/uploads\/2026\/03\/photo_2026-03-03_16-39-21-768x512.jpg 768w, https:\/\/hablemosclarotdf.com.ar\/wp-content\/uploads\/2026\/03\/photo_2026-03-03_16-39-21.jpg 1280w\" sizes=\"auto, (max-width: 300px) 100vw, 300px\" \/> <img loading=\"lazy\" decoding=\"async\" class=\"alignnone size-medium wp-image-68319\" src=\"https:\/\/hablemosclarotdf.com.ar\/wp-content\/uploads\/2026\/03\/photo_2026-03-03_16-39-26-200x300.jpg\" alt=\"\" width=\"200\" height=\"300\" srcset=\"https:\/\/hablemosclarotdf.com.ar\/wp-content\/uploads\/2026\/03\/photo_2026-03-03_16-39-26-200x300.jpg 200w, https:\/\/hablemosclarotdf.com.ar\/wp-content\/uploads\/2026\/03\/photo_2026-03-03_16-39-26-682x1024.jpg 682w, https:\/\/hablemosclarotdf.com.ar\/wp-content\/uploads\/2026\/03\/photo_2026-03-03_16-39-26-768x1152.jpg 768w, https:\/\/hablemosclarotdf.com.ar\/wp-content\/uploads\/2026\/03\/photo_2026-03-03_16-39-26.jpg 853w\" sizes=\"auto, (max-width: 200px) 100vw, 200px\" \/> <img loading=\"lazy\" decoding=\"async\" class=\"alignnone size-medium wp-image-68320\" src=\"https:\/\/hablemosclarotdf.com.ar\/wp-content\/uploads\/2026\/03\/photo_2026-03-03_16-39-31-300x200.jpg\" alt=\"\" width=\"300\" height=\"200\" srcset=\"https:\/\/hablemosclarotdf.com.ar\/wp-content\/uploads\/2026\/03\/photo_2026-03-03_16-39-31-300x200.jpg 300w, https:\/\/hablemosclarotdf.com.ar\/wp-content\/uploads\/2026\/03\/photo_2026-03-03_16-39-31-1024x682.jpg 1024w, https:\/\/hablemosclarotdf.com.ar\/wp-content\/uploads\/2026\/03\/photo_2026-03-03_16-39-31-768x512.jpg 768w, https:\/\/hablemosclarotdf.com.ar\/wp-content\/uploads\/2026\/03\/photo_2026-03-03_16-39-31.jpg 1280w\" sizes=\"auto, (max-width: 300px) 100vw, 300px\" \/><\/p>\n","protected":false},"excerpt":{"rendered":"<p>Se realiz\u00f3 la renovaci\u00f3n de la ic\u00f3nica pieza La Municipalidad de Ushuaia, a trav\u00e9s del&#8230;<\/p>\n","protected":false},"author":1,"featured_media":68317,"comment_status":"closed","ping_status":"closed","sticky":false,"template":"","format":"standard","meta":{"footnotes":""},"categories":[3],"tags":[],"class_list":["post-68316","post","type-post","status-publish","format-standard","has-post-thumbnail","hentry","category-noticias"],"jetpack_featured_media_url":"https:\/\/hablemosclarotdf.com.ar\/wp-content\/uploads\/2026\/03\/photo_2026-03-03_16-39-17.jpg","_links":{"self":[{"href":"https:\/\/hablemosclarotdf.com.ar\/index.php?rest_route=\/wp\/v2\/posts\/68316","targetHints":{"allow":["GET"]}}],"collection":[{"href":"https:\/\/hablemosclarotdf.com.ar\/index.php?rest_route=\/wp\/v2\/posts"}],"about":[{"href":"https:\/\/hablemosclarotdf.com.ar\/index.php?rest_route=\/wp\/v2\/types\/post"}],"author":[{"embeddable":true,"href":"https:\/\/hablemosclarotdf.com.ar\/index.php?rest_route=\/wp\/v2\/users\/1"}],"replies":[{"embeddable":true,"href":"https:\/\/hablemosclarotdf.com.ar\/index.php?rest_route=%2Fwp%2Fv2%2Fcomments&post=68316"}],"version-history":[{"count":1,"href":"https:\/\/hablemosclarotdf.com.ar\/index.php?rest_route=\/wp\/v2\/posts\/68316\/revisions"}],"predecessor-version":[{"id":68321,"href":"https:\/\/hablemosclarotdf.com.ar\/index.php?rest_route=\/wp\/v2\/posts\/68316\/revisions\/68321"}],"wp:featuredmedia":[{"embeddable":true,"href":"https:\/\/hablemosclarotdf.com.ar\/index.php?rest_route=\/wp\/v2\/media\/68317"}],"wp:attachment":[{"href":"https:\/\/hablemosclarotdf.com.ar\/index.php?rest_route=%2Fwp%2Fv2%2Fmedia&parent=68316"}],"wp:term":[{"taxonomy":"category","embeddable":true,"href":"https:\/\/hablemosclarotdf.com.ar\/index.php?rest_route=%2Fwp%2Fv2%2Fcategories&post=68316"},{"taxonomy":"post_tag","embeddable":true,"href":"https:\/\/hablemosclarotdf.com.ar\/index.php?rest_route=%2Fwp%2Fv2%2Ftags&post=68316"}],"curies":[{"name":"wp","href":"https:\/\/api.w.org\/{rel}","templated":true}]}}