{"id":68299,"date":"2026-03-03T16:14:18","date_gmt":"2026-03-03T19:14:18","guid":{"rendered":"https:\/\/hablemosclarotdf.com.ar\/?p=68299"},"modified":"2026-03-03T16:14:18","modified_gmt":"2026-03-03T19:14:18","slug":"el-gobierno-de-la-provincia-y-apitur-coordinan-acciones-de-cara-al-inicio-del-campeonato-de-rally","status":"publish","type":"post","link":"https:\/\/hablemosclarotdf.com.ar\/?p=68299","title":{"rendered":"EL GOBIERNO DE LA PROVINCIA Y APITUR COORDINAN ACCIONES DE CARA AL INICIO DEL CAMPEONATO DE RALLY"},"content":{"rendered":"<p>El secretario de Deportes, Mat\u00edas Runin, junto al subsecretario de Desarrollo Deportivo, Marcos Cayata, mantuvo un encuentro en la ciudad de R\u00edo Grande con el presidente de la Asociaci\u00f3n de Pilotos de Turismo y Rally de Tierra del Fuego (APITUR), Santiago Capello, con el objetivo de avanzar en aspectos organizativos vinculados a la primera fecha del calendario provincial de rally que se disputar\u00e1 los d\u00edas 27, 28 y 29 de marzo.<\/p>\n<p>De la reuni\u00f3n participaron adem\u00e1s representantes de Protecci\u00f3n Civil, el director de Emergencias Zona Norte, Dr. Cristian Barrella, y Luciana Mart\u00ednez en representaci\u00f3n del \u00e1rea de Representaci\u00f3n Pol\u00edtica. El encuentro tuvo como finalidad coordinar y articular acciones institucionales en funci\u00f3n de los requerimientos planteados por la entidad organizadora de cara al inicio del campeonato.<\/p>\n<p>En este sentido, Capello destac\u00f3 que se pondr\u00e1 especial \u00e9nfasis en las medidas de seguridad, tanto para los pilotos como para el p\u00fablico, dando continuidad a los lineamientos implementados por comisiones directivas anteriores.<\/p>\n<p>Por su parte, desde el Gobierno provincial se ratific\u00f3 el acompa\u00f1amiento a la instituci\u00f3n, subrayando la importancia del trabajo conjunto para fortalecer el desarrollo del deporte motor y respaldar a los pilotos fueguinos.<\/p>\n<p>El campeonato 2026 contar\u00e1 con cuatro fechas confirmadas. Si bien el cronograma anual ya se encuentra establecido, para esta primera competencia a\u00fan restan definirse los caminos que formar\u00e1n parte del recorrido, en virtud de las gestiones y reuniones que contin\u00faan desarroll\u00e1ndose con propietarios de estancias para la habilitaci\u00f3n de los trazados.<\/p>\n<p><img loading=\"lazy\" decoding=\"async\" class=\"alignnone size-medium wp-image-68301\" src=\"https:\/\/hablemosclarotdf.com.ar\/wp-content\/uploads\/2026\/03\/photo_2026-03-03_16-13-12-300x225.jpg\" alt=\"\" width=\"300\" height=\"225\" srcset=\"https:\/\/hablemosclarotdf.com.ar\/wp-content\/uploads\/2026\/03\/photo_2026-03-03_16-13-12-300x225.jpg 300w, https:\/\/hablemosclarotdf.com.ar\/wp-content\/uploads\/2026\/03\/photo_2026-03-03_16-13-12-1024x768.jpg 1024w, https:\/\/hablemosclarotdf.com.ar\/wp-content\/uploads\/2026\/03\/photo_2026-03-03_16-13-12-768x576.jpg 768w, https:\/\/hablemosclarotdf.com.ar\/wp-content\/uploads\/2026\/03\/photo_2026-03-03_16-13-12.jpg 1280w\" sizes=\"auto, (max-width: 300px) 100vw, 300px\" \/> <img loading=\"lazy\" decoding=\"async\" class=\"alignnone size-medium wp-image-68302\" src=\"https:\/\/hablemosclarotdf.com.ar\/wp-content\/uploads\/2026\/03\/photo_2026-03-03_16-13-17-300x225.jpg\" alt=\"\" width=\"300\" height=\"225\" srcset=\"https:\/\/hablemosclarotdf.com.ar\/wp-content\/uploads\/2026\/03\/photo_2026-03-03_16-13-17-300x225.jpg 300w, https:\/\/hablemosclarotdf.com.ar\/wp-content\/uploads\/2026\/03\/photo_2026-03-03_16-13-17-1024x768.jpg 1024w, https:\/\/hablemosclarotdf.com.ar\/wp-content\/uploads\/2026\/03\/photo_2026-03-03_16-13-17-768x576.jpg 768w, https:\/\/hablemosclarotdf.com.ar\/wp-content\/uploads\/2026\/03\/photo_2026-03-03_16-13-17.jpg 1280w\" sizes=\"auto, (max-width: 300px) 100vw, 300px\" \/> <img loading=\"lazy\" decoding=\"async\" class=\"alignnone size-medium wp-image-68303\" src=\"https:\/\/hablemosclarotdf.com.ar\/wp-content\/uploads\/2026\/03\/photo_2026-03-03_16-13-24-300x225.jpg\" alt=\"\" width=\"300\" height=\"225\" srcset=\"https:\/\/hablemosclarotdf.com.ar\/wp-content\/uploads\/2026\/03\/photo_2026-03-03_16-13-24-300x225.jpg 300w, https:\/\/hablemosclarotdf.com.ar\/wp-content\/uploads\/2026\/03\/photo_2026-03-03_16-13-24-1024x768.jpg 1024w, https:\/\/hablemosclarotdf.com.ar\/wp-content\/uploads\/2026\/03\/photo_2026-03-03_16-13-24-768x576.jpg 768w, https:\/\/hablemosclarotdf.com.ar\/wp-content\/uploads\/2026\/03\/photo_2026-03-03_16-13-24.jpg 1280w\" sizes=\"auto, (max-width: 300px) 100vw, 300px\" \/><\/p>\n","protected":false},"excerpt":{"rendered":"<p>El secretario de Deportes, Mat\u00edas Runin, junto al subsecretario de Desarrollo Deportivo, Marcos Cayata, mantuvo&#8230;<\/p>\n","protected":false},"author":1,"featured_media":68300,"comment_status":"closed","ping_status":"closed","sticky":false,"template":"","format":"standard","meta":{"footnotes":""},"categories":[3],"tags":[],"class_list":["post-68299","post","type-post","status-publish","format-standard","has-post-thumbnail","hentry","category-noticias"],"jetpack_featured_media_url":"https:\/\/hablemosclarotdf.com.ar\/wp-content\/uploads\/2026\/03\/photo_2026-03-03_16-13-01.jpg","_links":{"self":[{"href":"https:\/\/hablemosclarotdf.com.ar\/index.php?rest_route=\/wp\/v2\/posts\/68299","targetHints":{"allow":["GET"]}}],"collection":[{"href":"https:\/\/hablemosclarotdf.com.ar\/index.php?rest_route=\/wp\/v2\/posts"}],"about":[{"href":"https:\/\/hablemosclarotdf.com.ar\/index.php?rest_route=\/wp\/v2\/types\/post"}],"author":[{"embeddable":true,"href":"https:\/\/hablemosclarotdf.com.ar\/index.php?rest_route=\/wp\/v2\/users\/1"}],"replies":[{"embeddable":true,"href":"https:\/\/hablemosclarotdf.com.ar\/index.php?rest_route=%2Fwp%2Fv2%2Fcomments&post=68299"}],"version-history":[{"count":1,"href":"https:\/\/hablemosclarotdf.com.ar\/index.php?rest_route=\/wp\/v2\/posts\/68299\/revisions"}],"predecessor-version":[{"id":68304,"href":"https:\/\/hablemosclarotdf.com.ar\/index.php?rest_route=\/wp\/v2\/posts\/68299\/revisions\/68304"}],"wp:featuredmedia":[{"embeddable":true,"href":"https:\/\/hablemosclarotdf.com.ar\/index.php?rest_route=\/wp\/v2\/media\/68300"}],"wp:attachment":[{"href":"https:\/\/hablemosclarotdf.com.ar\/index.php?rest_route=%2Fwp%2Fv2%2Fmedia&parent=68299"}],"wp:term":[{"taxonomy":"category","embeddable":true,"href":"https:\/\/hablemosclarotdf.com.ar\/index.php?rest_route=%2Fwp%2Fv2%2Fcategories&post=68299"},{"taxonomy":"post_tag","embeddable":true,"href":"https:\/\/hablemosclarotdf.com.ar\/index.php?rest_route=%2Fwp%2Fv2%2Ftags&post=68299"}],"curies":[{"name":"wp","href":"https:\/\/api.w.org\/{rel}","templated":true}]}}