{"id":68295,"date":"2026-03-03T16:11:47","date_gmt":"2026-03-03T19:11:47","guid":{"rendered":"https:\/\/hablemosclarotdf.com.ar\/?p=68295"},"modified":"2026-03-03T16:11:47","modified_gmt":"2026-03-03T19:11:47","slug":"rio-grande-continuan-abiertas-las-inscripciones-para-los-talleres-tecnologicos-2026","status":"publish","type":"post","link":"https:\/\/hablemosclarotdf.com.ar\/?p=68295","title":{"rendered":"RIO GRANDE : CONTIN\u00daAN ABIERTAS LAS INSCRIPCIONES PARA LOS TALLERES TECNOL\u00d3GICOS 2026"},"content":{"rendered":"<p>El Municipio invita a los vecinos y vecinas a formar parte de una nueva edici\u00f3n de los talleres que impulsa el Municipio de R\u00edo Grande, a trav\u00e9s de la Academia de Artes y Oficios Digitales. Aquellos interesados podr\u00e1n inscribirse ingresando al siguiente link: https:\/\/ciudadtecnologica.riogrande.gob.ar\/.<\/p>\n<p>Los talleres se dictar\u00e1n en el Espacio Tecnol\u00f3gico, sede situada en Pellegrini 520; as\u00ed como en el Centro de Formaci\u00f3n Laboral y Tecnol\u00f3gica, ubicado en Portol\u00e1n 460 y est\u00e1n destinados a personas a partir de los 5 a\u00f1os y sin l\u00edmite de edad, con una amplia oferta que incluye rob\u00f3tica, impresi\u00f3n 3D, programaci\u00f3n, inform\u00e1tica, dise\u00f1o gr\u00e1fico, entre otras herramientas clave para fortalecer el v\u00ednculo con el mundo digital.<\/p>\n<p>Las clases comenzaron el lunes 2 de marzo y quienes deseen sumarse, podr\u00e1n ingresar al siguiente link de inscripci\u00f3n https:\/\/ciudadtecnologica.riogrande.gob.ar\/, conocer la oferta disponible, as\u00ed como los d\u00edas y horarios de cursada.<\/p>\n<p>Las vecinas y vecinos que asistan a los cursos adquirir\u00e1n herramientas y conceptos digitales que los preparar\u00e1n para lo que ser\u00e1 el futuro laboral a nivel mundial.<\/p>\n<p>Para mayor informaci\u00f3n, las y los interesados pueden acercarse a cualquiera de las sedes mencionadas o comunicarse al 2964-654663.<\/p>\n<p>Con estas iniciativas, el Estado Municipal sigue consolidando a R\u00edo Grande como ciudad tecnol\u00f3gica y del conocimiento, garantizando espacios de formaci\u00f3n digital y acceso a la innovaci\u00f3n para toda la comunidad<\/p>\n<p><img loading=\"lazy\" decoding=\"async\" class=\"alignnone size-medium wp-image-68297\" src=\"https:\/\/hablemosclarotdf.com.ar\/wp-content\/uploads\/2026\/03\/photo_2026-03-03_16-09-58-300x225.jpg\" alt=\"\" width=\"300\" height=\"225\" srcset=\"https:\/\/hablemosclarotdf.com.ar\/wp-content\/uploads\/2026\/03\/photo_2026-03-03_16-09-58-300x225.jpg 300w, https:\/\/hablemosclarotdf.com.ar\/wp-content\/uploads\/2026\/03\/photo_2026-03-03_16-09-58.jpg 720w\" sizes=\"auto, (max-width: 300px) 100vw, 300px\" \/><\/p>\n","protected":false},"excerpt":{"rendered":"<p>El Municipio invita a los vecinos y vecinas a formar parte de una nueva edici\u00f3n&#8230;<\/p>\n","protected":false},"author":1,"featured_media":68296,"comment_status":"closed","ping_status":"closed","sticky":false,"template":"","format":"standard","meta":{"footnotes":""},"categories":[3],"tags":[],"class_list":["post-68295","post","type-post","status-publish","format-standard","has-post-thumbnail","hentry","category-noticias"],"jetpack_featured_media_url":"https:\/\/hablemosclarotdf.com.ar\/wp-content\/uploads\/2026\/03\/photo_2026-03-03_16-09-53.jpg","_links":{"self":[{"href":"https:\/\/hablemosclarotdf.com.ar\/index.php?rest_route=\/wp\/v2\/posts\/68295","targetHints":{"allow":["GET"]}}],"collection":[{"href":"https:\/\/hablemosclarotdf.com.ar\/index.php?rest_route=\/wp\/v2\/posts"}],"about":[{"href":"https:\/\/hablemosclarotdf.com.ar\/index.php?rest_route=\/wp\/v2\/types\/post"}],"author":[{"embeddable":true,"href":"https:\/\/hablemosclarotdf.com.ar\/index.php?rest_route=\/wp\/v2\/users\/1"}],"replies":[{"embeddable":true,"href":"https:\/\/hablemosclarotdf.com.ar\/index.php?rest_route=%2Fwp%2Fv2%2Fcomments&post=68295"}],"version-history":[{"count":1,"href":"https:\/\/hablemosclarotdf.com.ar\/index.php?rest_route=\/wp\/v2\/posts\/68295\/revisions"}],"predecessor-version":[{"id":68298,"href":"https:\/\/hablemosclarotdf.com.ar\/index.php?rest_route=\/wp\/v2\/posts\/68295\/revisions\/68298"}],"wp:featuredmedia":[{"embeddable":true,"href":"https:\/\/hablemosclarotdf.com.ar\/index.php?rest_route=\/wp\/v2\/media\/68296"}],"wp:attachment":[{"href":"https:\/\/hablemosclarotdf.com.ar\/index.php?rest_route=%2Fwp%2Fv2%2Fmedia&parent=68295"}],"wp:term":[{"taxonomy":"category","embeddable":true,"href":"https:\/\/hablemosclarotdf.com.ar\/index.php?rest_route=%2Fwp%2Fv2%2Fcategories&post=68295"},{"taxonomy":"post_tag","embeddable":true,"href":"https:\/\/hablemosclarotdf.com.ar\/index.php?rest_route=%2Fwp%2Fv2%2Ftags&post=68295"}],"curies":[{"name":"wp","href":"https:\/\/api.w.org\/{rel}","templated":true}]}}