{"id":68053,"date":"2026-03-01T14:05:27","date_gmt":"2026-03-01T17:05:27","guid":{"rendered":"https:\/\/hablemosclarotdf.com.ar\/?p=68053"},"modified":"2026-03-01T14:05:27","modified_gmt":"2026-03-01T17:05:27","slug":"apertura-de-sesiones-legislativas-2026-el-gobernador-melella-lanzo-el-nuevo-impulso-fueguino","status":"publish","type":"post","link":"https:\/\/hablemosclarotdf.com.ar\/?p=68053","title":{"rendered":"APERTURA DE SESIONES LEGISLATIVAS 2026: EL GOBERNADOR MELELLA LANZ\u00d3 EL NUEVO IMPULSO FUEGUINO"},"content":{"rendered":"<p>En un mensaje contundente y cargado de anuncios hist\u00f3ricos, bajo el lema &#8220;El Nuevo Impulso Fueguino. Las transformaciones que necesitamos&#8221; el Gobernador de la provincia, Gustavo Melella, present\u00f3 un ambicioso paquete de reformas estructurales que buscan modernizar el Estado, dinamizar la matriz productiva y simplificar la vida a los ciudadanos.<\/p>\n<p>\u201cEste nuevo impulso ya es una realidad\u201d, afirm\u00f3 el Gobernador, agradeciendo en primer t\u00e9rmino a los legisladores por la sanci\u00f3n de leyes fundamentales que marcan el rumbo de la transformaci\u00f3n. Destac\u00f3 especialmente la creaci\u00f3n de Terra Ignis que devuelve a la provincia la soberan\u00eda energ\u00e9tica y la nueva Ley de Acuicultura, considerada uno de los hitos m\u00e1s trascendentales para el desarrollo productivo fueguino.<\/p>\n<p>\u201cLa provincia recupera soberan\u00eda energ\u00e9tica y vuelve a decidir sobre sus propios recursos para cuidar fuentes de trabajo, garantizar remediaci\u00f3n ambiental y, sobre todo, para crecer con nuevas inversiones\u201d, subray\u00f3, al tiempo que invit\u00f3 a seguir debatiendo con madurez pol\u00edtica el resto de las iniciativas. \u201cOjal\u00e1 el centro de la discusi\u00f3n sea el beneficio de nuestro pueblo, sin oportunismo\u201d, dijo.<\/p>\n<p>El Mandatario hizo hincapi\u00e9 en tres ejes fundamentales de la transformaci\u00f3n, que contienen m\u00e1s de 20 iniciativas legales.<\/p>\n<p>El primer eje apunta a la generaci\u00f3n de empleo y desarrollo. Entre los proyectos destacan la nueva Ley de Beneficios Fiscales para el Empleo, la Ley de Pesca, el Marco Legal para el Desarrollo Portuario, la Ley de Turismo y Turismo Aventura, la adhesi\u00f3n al RIGI, y la Ley de Mano de Obra Local para el transporte. &#8220;No es menor convertir a Tierra del Fuego en Tierra de Trabajo&#8221;, enfatiz\u00f3.<\/p>\n<p>El segundo eje se centra en el ciudadano. Con un fuerte \u00e9nfasis, el Gobernador anunci\u00f3 el env\u00edo de la Ley De Simplificaci\u00f3n De Tr\u00e1mites Y Ciudadan\u00eda Digital, una herramienta clave para eliminar el Estado pesado y bur\u00f3crata.<\/p>\n<p>&#8220;Nosotros reivindicamos el Estado, pero un Estado servicial, eficiente y din\u00e1mico. Hoy le pedimos 40 veces el DNI a un ciudadano cuando el documento lo genera el propio Estado. Eso se termina. Esta ley pretende hacer la vida m\u00e1s f\u00e1cil, terminar con las filas y el papeleo in\u00fatil. El Estado no podr\u00e1 pedirte documentos que ya posee&#8221;, asegur\u00f3.<\/p>\n<p>En este mismo eje se anunci\u00f3 un hito en materia habitacional: el Banco de Tierra del Fuego pondr\u00e1 en marcha un programa integral de cr\u00e9ditos hipotecarios accesibles a 30 a\u00f1os de plazo, con tasas preferenciales y un mecanismo de ajuste innovador vinculado a los ingresos familiares. \u201cSomos el primer banco del sistema en salir con una propuesta crediticia de esta naturaleza\u201d, destac\u00f3.<\/p>\n<p>El tercer eje comprende reformas internas para asegurar un Estado menos burocr\u00e1tico y m\u00e1s eficiente. All\u00ed se incluyen proyectos de reestructuraci\u00f3n de la OSEF, nueva ley de Compras y Contrataciones, Ciberseguridad, Infraestructura cr\u00edtica en Salud y Educaci\u00f3n, y la reforma de la carrera policial y penitenciaria.<\/p>\n<p>El Gobernador concluy\u00f3 su discurso con un llamado a la acci\u00f3n colectiva. \u201cTierra del Fuego no tiene opci\u00f3n. O se transforma, o se transforma. As\u00ed de claro es el dilema que tenemos hoy. Las grandes transformaciones que la provincia necesita ya iniciaron, pero el impulso debe ser mucho m\u00e1s grande y mucho m\u00e1s r\u00e1pido\u201d.<\/p>\n<p>En un gesto simb\u00f3lico, el Mandatario hizo entrega a la Presidenta de la Legislatura, M\u00f3nica Urquiza, los proyectos de ley que ingresar\u00e1n formalmente en los pr\u00f3ximos d\u00edas.<\/p>\n","protected":false},"excerpt":{"rendered":"<p>En un mensaje contundente y cargado de anuncios hist\u00f3ricos, bajo el lema &#8220;El Nuevo Impulso&#8230;<\/p>\n","protected":false},"author":1,"featured_media":68054,"comment_status":"closed","ping_status":"closed","sticky":false,"template":"","format":"standard","meta":{"footnotes":""},"categories":[3],"tags":[],"class_list":["post-68053","post","type-post","status-publish","format-standard","has-post-thumbnail","hentry","category-noticias"],"jetpack_featured_media_url":"https:\/\/hablemosclarotdf.com.ar\/wp-content\/uploads\/2026\/03\/photo_2026-03-01_14-05-03.jpg","_links":{"self":[{"href":"https:\/\/hablemosclarotdf.com.ar\/index.php?rest_route=\/wp\/v2\/posts\/68053","targetHints":{"allow":["GET"]}}],"collection":[{"href":"https:\/\/hablemosclarotdf.com.ar\/index.php?rest_route=\/wp\/v2\/posts"}],"about":[{"href":"https:\/\/hablemosclarotdf.com.ar\/index.php?rest_route=\/wp\/v2\/types\/post"}],"author":[{"embeddable":true,"href":"https:\/\/hablemosclarotdf.com.ar\/index.php?rest_route=\/wp\/v2\/users\/1"}],"replies":[{"embeddable":true,"href":"https:\/\/hablemosclarotdf.com.ar\/index.php?rest_route=%2Fwp%2Fv2%2Fcomments&post=68053"}],"version-history":[{"count":1,"href":"https:\/\/hablemosclarotdf.com.ar\/index.php?rest_route=\/wp\/v2\/posts\/68053\/revisions"}],"predecessor-version":[{"id":68055,"href":"https:\/\/hablemosclarotdf.com.ar\/index.php?rest_route=\/wp\/v2\/posts\/68053\/revisions\/68055"}],"wp:featuredmedia":[{"embeddable":true,"href":"https:\/\/hablemosclarotdf.com.ar\/index.php?rest_route=\/wp\/v2\/media\/68054"}],"wp:attachment":[{"href":"https:\/\/hablemosclarotdf.com.ar\/index.php?rest_route=%2Fwp%2Fv2%2Fmedia&parent=68053"}],"wp:term":[{"taxonomy":"category","embeddable":true,"href":"https:\/\/hablemosclarotdf.com.ar\/index.php?rest_route=%2Fwp%2Fv2%2Fcategories&post=68053"},{"taxonomy":"post_tag","embeddable":true,"href":"https:\/\/hablemosclarotdf.com.ar\/index.php?rest_route=%2Fwp%2Fv2%2Ftags&post=68053"}],"curies":[{"name":"wp","href":"https:\/\/api.w.org\/{rel}","templated":true}]}}