{"id":68010,"date":"2026-02-28T17:08:08","date_gmt":"2026-02-28T20:08:08","guid":{"rendered":"https:\/\/hablemosclarotdf.com.ar\/?p=68010"},"modified":"2026-02-28T17:08:08","modified_gmt":"2026-02-28T20:08:08","slug":"c-d-tolhuin-acompano-la-apertura-de-sesiones-en-ushuaia","status":"publish","type":"post","link":"https:\/\/hablemosclarotdf.com.ar\/?p=68010","title":{"rendered":"C.D.TOLHUIN :  ACOMPA\u00d1\u00d3 LA APERTURA DE SESIONES EN USHUAIA"},"content":{"rendered":"<p>Los concejales de Tolhuin, Matias Rodriguez Ojeda, Jeannette Alderete, Rosana Taberna y Marcelo Mu\u00f1oz Fern\u00e1ndez, participaron del acto de apertura del 43\u00b0 per\u00edodo de sesiones ordinarias en Ushuaia, encabezado por el intendente Walter Vuoto.<\/p>\n<p>Durante su discurso, el jefe comunal puso el acento en el impacto social de la crisis econ\u00f3mica y en la necesidad de sostener pol\u00edticas p\u00fablicas que protejan el empleo, el comercio local y el desarrollo productivo fueguino, bajo la premisa: \u201c _Gobernar es proteger\u201d.<\/p>\n<p>La presencia conjunta de los cuatro concejales tolhuinenses expres\u00f3 una se\u00f1al clara de unidad y acompa\u00f1amiento institucional, reafirmando el compromiso de trabajar articuladamente entre ciudades para cuidar a las comunidades y fortalecer el rol del Estado frente a un contexto sumamente complejo.<\/p>\n<p><img loading=\"lazy\" decoding=\"async\" class=\"alignnone size-medium wp-image-68012\" src=\"https:\/\/hablemosclarotdf.com.ar\/wp-content\/uploads\/2026\/02\/photo_2026-02-28_17-05-47-300x200.jpg\" alt=\"\" width=\"300\" height=\"200\" srcset=\"https:\/\/hablemosclarotdf.com.ar\/wp-content\/uploads\/2026\/02\/photo_2026-02-28_17-05-47-300x200.jpg 300w, https:\/\/hablemosclarotdf.com.ar\/wp-content\/uploads\/2026\/02\/photo_2026-02-28_17-05-47-1024x682.jpg 1024w, https:\/\/hablemosclarotdf.com.ar\/wp-content\/uploads\/2026\/02\/photo_2026-02-28_17-05-47-768x512.jpg 768w, https:\/\/hablemosclarotdf.com.ar\/wp-content\/uploads\/2026\/02\/photo_2026-02-28_17-05-47.jpg 1280w\" sizes=\"auto, (max-width: 300px) 100vw, 300px\" \/> <img loading=\"lazy\" decoding=\"async\" class=\"alignnone size-medium wp-image-68013\" src=\"https:\/\/hablemosclarotdf.com.ar\/wp-content\/uploads\/2026\/02\/photo_2026-02-28_17-06-39-300x200.jpg\" alt=\"\" width=\"300\" height=\"200\" srcset=\"https:\/\/hablemosclarotdf.com.ar\/wp-content\/uploads\/2026\/02\/photo_2026-02-28_17-06-39-300x200.jpg 300w, https:\/\/hablemosclarotdf.com.ar\/wp-content\/uploads\/2026\/02\/photo_2026-02-28_17-06-39-1024x682.jpg 1024w, https:\/\/hablemosclarotdf.com.ar\/wp-content\/uploads\/2026\/02\/photo_2026-02-28_17-06-39-768x512.jpg 768w, https:\/\/hablemosclarotdf.com.ar\/wp-content\/uploads\/2026\/02\/photo_2026-02-28_17-06-39.jpg 1280w\" sizes=\"auto, (max-width: 300px) 100vw, 300px\" \/><\/p>\n","protected":false},"excerpt":{"rendered":"<p>Los concejales de Tolhuin, Matias Rodriguez Ojeda, Jeannette Alderete, Rosana Taberna y Marcelo Mu\u00f1oz Fern\u00e1ndez,&#8230;<\/p>\n","protected":false},"author":1,"featured_media":68011,"comment_status":"closed","ping_status":"closed","sticky":false,"template":"","format":"standard","meta":{"footnotes":""},"categories":[3],"tags":[],"class_list":["post-68010","post","type-post","status-publish","format-standard","has-post-thumbnail","hentry","category-noticias"],"jetpack_featured_media_url":"https:\/\/hablemosclarotdf.com.ar\/wp-content\/uploads\/2026\/02\/photo_2026-02-28_17-01-36.jpg","_links":{"self":[{"href":"https:\/\/hablemosclarotdf.com.ar\/index.php?rest_route=\/wp\/v2\/posts\/68010","targetHints":{"allow":["GET"]}}],"collection":[{"href":"https:\/\/hablemosclarotdf.com.ar\/index.php?rest_route=\/wp\/v2\/posts"}],"about":[{"href":"https:\/\/hablemosclarotdf.com.ar\/index.php?rest_route=\/wp\/v2\/types\/post"}],"author":[{"embeddable":true,"href":"https:\/\/hablemosclarotdf.com.ar\/index.php?rest_route=\/wp\/v2\/users\/1"}],"replies":[{"embeddable":true,"href":"https:\/\/hablemosclarotdf.com.ar\/index.php?rest_route=%2Fwp%2Fv2%2Fcomments&post=68010"}],"version-history":[{"count":1,"href":"https:\/\/hablemosclarotdf.com.ar\/index.php?rest_route=\/wp\/v2\/posts\/68010\/revisions"}],"predecessor-version":[{"id":68014,"href":"https:\/\/hablemosclarotdf.com.ar\/index.php?rest_route=\/wp\/v2\/posts\/68010\/revisions\/68014"}],"wp:featuredmedia":[{"embeddable":true,"href":"https:\/\/hablemosclarotdf.com.ar\/index.php?rest_route=\/wp\/v2\/media\/68011"}],"wp:attachment":[{"href":"https:\/\/hablemosclarotdf.com.ar\/index.php?rest_route=%2Fwp%2Fv2%2Fmedia&parent=68010"}],"wp:term":[{"taxonomy":"category","embeddable":true,"href":"https:\/\/hablemosclarotdf.com.ar\/index.php?rest_route=%2Fwp%2Fv2%2Fcategories&post=68010"},{"taxonomy":"post_tag","embeddable":true,"href":"https:\/\/hablemosclarotdf.com.ar\/index.php?rest_route=%2Fwp%2Fv2%2Ftags&post=68010"}],"curies":[{"name":"wp","href":"https:\/\/api.w.org\/{rel}","templated":true}]}}