{"id":68004,"date":"2026-02-28T16:47:23","date_gmt":"2026-02-28T19:47:23","guid":{"rendered":"https:\/\/hablemosclarotdf.com.ar\/?p=68004"},"modified":"2026-02-28T16:55:46","modified_gmt":"2026-02-28T19:55:46","slug":"ushuaia-garay-y-pelloli-destacaron-el-mensaje-del-intendente-y-las-prioridades-para-ushuaia-en-2026","status":"publish","type":"post","link":"https:\/\/hablemosclarotdf.com.ar\/?p=68004","title":{"rendered":"USHUAIA : GARAY Y PELLOLI DESTACARON EL MENSAJE DEL INTENDENTE Y LAS PRIORIDADES PARA USHUAIA EN 2026"},"content":{"rendered":"<p>En el marco de la apertura del 43\u00b0 per\u00edodo de sesiones ordinarias del Concejo Deliberante de Ushuaia, la jefa de Gabinete, Y\u00e9sica Garay y el concejal Nicol\u00e1s Pelloli resaltaron los ejes centrales del discurso brindado por el intendente Walter Vuoto, destacando la definici\u00f3n de prioridades para la ciudad en un contexto nacional complejo, donde se contin\u00faa accionando a partir de la escucha a los vecinos y vecinas.<\/p>\n<p>La jefa de Gabinete, Y\u00e9sica Garay se\u00f1al\u00f3 que el discurso no se bas\u00f3 en anuncios aislados, sino en la continuidad de un proceso de gesti\u00f3n que ya est\u00e1 en marcha. \u201cNo es algo que tengamos que venir a contar como novedad, sino que dijimos que lo \u00edbamos a hacer y en ese proceso estamos\u201d.<\/p>\n<p>Asimismo destac\u00f3 que antes de la sesi\u00f3n inaugural se concret\u00f3 el proceso de unificaci\u00f3n de secretar\u00edas y el achique de la estructura de gabinete, en l\u00ednea con lo que demanda la comunidad. \u201cEscuchamos el mensaje de la sociedad, no solo en las urnas, sino tambi\u00e9n en el trabajo cotidiano\u201d.<\/p>\n<p>En relaci\u00f3n al contexto nacional, la funcionaria remarc\u00f3 la necesidad de ordenar el Estado, pero marc\u00f3 diferencias con las pol\u00edticas impulsadas a nivel nacional, entre ellas la pr\u00f3xima firma del Convenio Colectivo de Trabajo de los empleados municipales, en contraste con reformas laborales y decisiones que generan preocupaci\u00f3n, como los debates vinculados a la Ley de Glaciares.<\/p>\n<p>Por su parte, el concejal Nicol\u00e1s Pelloli calific\u00f3 el mensaje como \u201cmuy importante\u201d, y subray\u00f3 que el Intendente \u201cmarc\u00f3 con claridad las prioridades que tiene la ciudad para lo que se viene, remarcando el contexto en el que estamos viviendo y c\u00f3mo se est\u00e1 desarrollando la obra p\u00fablica en un escenario donde hay falta de recursos y herramientas\u201d.<\/p>\n<p>En ese sentido, destac\u00f3 que Ushuaia \u201ces una de las pocas ciudades del pa\u00eds que hoy tiene obra p\u00fablica\u201d, y puso en valor la decisi\u00f3n estrat\u00e9gica de contar con una planta municipal de asfalto propia, as\u00ed como el trabajo articulado con empresas y el sector privado. \u201cEs la b\u00fasqueda permanente de herramientas para poder dar soluciones, para que cada peso que ingrese al Municipio sea devuelto a la comunidad en servicios, prestaciones y obra p\u00fablica\u201d, afirm\u00f3.<\/p>\n<p>Pelloli tambi\u00e9n remarc\u00f3 el trabajo conjunto entre el Ejecutivo y el Concejo Deliberante para generar las herramientas necesarias que permitan sostener el desarrollo de la ciudad, entendiendo que \u201cel objetivo es avanzar hacia una Ushuaia m\u00e1s pr\u00f3spera, abierta al turismo, pero tambi\u00e9n con empuje en la industria, en los emprendedores, en el comercio y en cada trabajador y trabajadora de la ciudad\u201d.<\/p>\n<p><img loading=\"lazy\" decoding=\"async\" class=\"alignnone size-medium wp-image-68008\" src=\"https:\/\/hablemosclarotdf.com.ar\/wp-content\/uploads\/2026\/02\/photo_2026-02-28_16-54-56-300x200.jpg\" alt=\"\" width=\"300\" height=\"200\" srcset=\"https:\/\/hablemosclarotdf.com.ar\/wp-content\/uploads\/2026\/02\/photo_2026-02-28_16-54-56-300x200.jpg 300w, https:\/\/hablemosclarotdf.com.ar\/wp-content\/uploads\/2026\/02\/photo_2026-02-28_16-54-56-1024x682.jpg 1024w, https:\/\/hablemosclarotdf.com.ar\/wp-content\/uploads\/2026\/02\/photo_2026-02-28_16-54-56-768x512.jpg 768w, https:\/\/hablemosclarotdf.com.ar\/wp-content\/uploads\/2026\/02\/photo_2026-02-28_16-54-56.jpg 1280w\" sizes=\"auto, (max-width: 300px) 100vw, 300px\" \/><\/p>\n","protected":false},"excerpt":{"rendered":"<p>En el marco de la apertura del 43\u00b0 per\u00edodo de sesiones ordinarias del Concejo Deliberante&#8230;<\/p>\n","protected":false},"author":1,"featured_media":68007,"comment_status":"closed","ping_status":"closed","sticky":false,"template":"","format":"standard","meta":{"footnotes":""},"categories":[3],"tags":[],"class_list":["post-68004","post","type-post","status-publish","format-standard","has-post-thumbnail","hentry","category-noticias"],"jetpack_featured_media_url":"https:\/\/hablemosclarotdf.com.ar\/wp-content\/uploads\/2026\/02\/photo_2026-02-28_16-53-51.jpg","_links":{"self":[{"href":"https:\/\/hablemosclarotdf.com.ar\/index.php?rest_route=\/wp\/v2\/posts\/68004","targetHints":{"allow":["GET"]}}],"collection":[{"href":"https:\/\/hablemosclarotdf.com.ar\/index.php?rest_route=\/wp\/v2\/posts"}],"about":[{"href":"https:\/\/hablemosclarotdf.com.ar\/index.php?rest_route=\/wp\/v2\/types\/post"}],"author":[{"embeddable":true,"href":"https:\/\/hablemosclarotdf.com.ar\/index.php?rest_route=\/wp\/v2\/users\/1"}],"replies":[{"embeddable":true,"href":"https:\/\/hablemosclarotdf.com.ar\/index.php?rest_route=%2Fwp%2Fv2%2Fcomments&post=68004"}],"version-history":[{"count":2,"href":"https:\/\/hablemosclarotdf.com.ar\/index.php?rest_route=\/wp\/v2\/posts\/68004\/revisions"}],"predecessor-version":[{"id":68009,"href":"https:\/\/hablemosclarotdf.com.ar\/index.php?rest_route=\/wp\/v2\/posts\/68004\/revisions\/68009"}],"wp:featuredmedia":[{"embeddable":true,"href":"https:\/\/hablemosclarotdf.com.ar\/index.php?rest_route=\/wp\/v2\/media\/68007"}],"wp:attachment":[{"href":"https:\/\/hablemosclarotdf.com.ar\/index.php?rest_route=%2Fwp%2Fv2%2Fmedia&parent=68004"}],"wp:term":[{"taxonomy":"category","embeddable":true,"href":"https:\/\/hablemosclarotdf.com.ar\/index.php?rest_route=%2Fwp%2Fv2%2Fcategories&post=68004"},{"taxonomy":"post_tag","embeddable":true,"href":"https:\/\/hablemosclarotdf.com.ar\/index.php?rest_route=%2Fwp%2Fv2%2Ftags&post=68004"}],"curies":[{"name":"wp","href":"https:\/\/api.w.org\/{rel}","templated":true}]}}