{"id":68000,"date":"2026-02-28T16:40:05","date_gmt":"2026-02-28T19:40:05","guid":{"rendered":"https:\/\/hablemosclarotdf.com.ar\/?p=68000"},"modified":"2026-02-28T16:40:05","modified_gmt":"2026-02-28T19:40:05","slug":"el-gobernador-melella-brindara-su-mensaje-a-la-comunidad-fueguina-en-la-apertura-de-sesiones-ordinarias","status":"publish","type":"post","link":"https:\/\/hablemosclarotdf.com.ar\/?p=68000","title":{"rendered":"EL GOBERNADOR MELELLA BRINDAR\u00c1 SU MENSAJE A LA COMUNIDAD FUEGUINA EN LA APERTURA DE SESIONES ORDINARIAS"},"content":{"rendered":"<p>El gobernador de Tierra del Fuego, AIAS, Gustavo Melella, pronunciar\u00e1 su discurso ante el pueblo fueguino en el marco de la Apertura del XLIII Per\u00edodo de Sesiones Ordinarias de la Legislatura Provincial.<\/p>\n<p>Ser\u00e1 un momento clave para conocer los lineamientos de gobierno, los ejes de gesti\u00f3n y las pol\u00edticas p\u00fablicas previstas para el nuevo per\u00edodo legislativo, en un contexto de desaf\u00edos y oportunidades para el desarrollo de la provincia.<\/p>\n<p>Invitamos a toda la comunidad a acompa\u00f1ar este importante acto institucional a trav\u00e9s de la transmisi\u00f3n oficial.<\/p>\n<p>\ud83d\udcc5 Domingo 1\u00b0 de marzo<\/p>\n<p>\u23f0 10:00 horas<\/p>\n<p>\ud83d\udcfa Segu\u00ed la transmisi\u00f3n en vivo por:<\/p>\n<p>\u2705 Nuestro canal oficial de YouTube:<\/p>\n<p>\ud83d\udd17 https:\/\/www.youtube.com\/@gobiernodetierradelfuego<\/p>\n<p>\u2705 En las redes sociales del Gobierno de Tierra del Fuego<\/p>\n<p>\ud83d\udcfa La Televisi\u00f3n P\u00fablica Fueguina<\/p>\n<p>Convocamos a las y los fueguinos a participar de este espacio, donde el Gobernador compartir\u00e1 los avances, logros y proyecciones para seguir construyendo juntos la provincia que queremos.<\/p>\n<p>&nbsp;<\/p>\n<p>&nbsp;<\/p>\n","protected":false},"excerpt":{"rendered":"<p>El gobernador de Tierra del Fuego, AIAS, Gustavo Melella, pronunciar\u00e1 su discurso ante el pueblo&#8230;<\/p>\n","protected":false},"author":1,"featured_media":68001,"comment_status":"closed","ping_status":"closed","sticky":false,"template":"","format":"standard","meta":{"footnotes":""},"categories":[3],"tags":[],"class_list":["post-68000","post","type-post","status-publish","format-standard","has-post-thumbnail","hentry","category-noticias"],"jetpack_featured_media_url":"https:\/\/hablemosclarotdf.com.ar\/wp-content\/uploads\/2026\/02\/photo_2026-02-28_16-30-24.jpg","_links":{"self":[{"href":"https:\/\/hablemosclarotdf.com.ar\/index.php?rest_route=\/wp\/v2\/posts\/68000","targetHints":{"allow":["GET"]}}],"collection":[{"href":"https:\/\/hablemosclarotdf.com.ar\/index.php?rest_route=\/wp\/v2\/posts"}],"about":[{"href":"https:\/\/hablemosclarotdf.com.ar\/index.php?rest_route=\/wp\/v2\/types\/post"}],"author":[{"embeddable":true,"href":"https:\/\/hablemosclarotdf.com.ar\/index.php?rest_route=\/wp\/v2\/users\/1"}],"replies":[{"embeddable":true,"href":"https:\/\/hablemosclarotdf.com.ar\/index.php?rest_route=%2Fwp%2Fv2%2Fcomments&post=68000"}],"version-history":[{"count":1,"href":"https:\/\/hablemosclarotdf.com.ar\/index.php?rest_route=\/wp\/v2\/posts\/68000\/revisions"}],"predecessor-version":[{"id":68003,"href":"https:\/\/hablemosclarotdf.com.ar\/index.php?rest_route=\/wp\/v2\/posts\/68000\/revisions\/68003"}],"wp:featuredmedia":[{"embeddable":true,"href":"https:\/\/hablemosclarotdf.com.ar\/index.php?rest_route=\/wp\/v2\/media\/68001"}],"wp:attachment":[{"href":"https:\/\/hablemosclarotdf.com.ar\/index.php?rest_route=%2Fwp%2Fv2%2Fmedia&parent=68000"}],"wp:term":[{"taxonomy":"category","embeddable":true,"href":"https:\/\/hablemosclarotdf.com.ar\/index.php?rest_route=%2Fwp%2Fv2%2Fcategories&post=68000"},{"taxonomy":"post_tag","embeddable":true,"href":"https:\/\/hablemosclarotdf.com.ar\/index.php?rest_route=%2Fwp%2Fv2%2Ftags&post=68000"}],"curies":[{"name":"wp","href":"https:\/\/api.w.org\/{rel}","templated":true}]}}