{"id":67995,"date":"2026-02-28T16:29:20","date_gmt":"2026-02-28T19:29:20","guid":{"rendered":"https:\/\/hablemosclarotdf.com.ar\/?p=67995"},"modified":"2026-02-28T16:29:20","modified_gmt":"2026-02-28T19:29:20","slug":"rio-grande-junto-a-turismo-estudiantes-de-la-untdf-realizaron-una-salida-pedagogica-en-la-zona-norte","status":"publish","type":"post","link":"https:\/\/hablemosclarotdf.com.ar\/?p=67995","title":{"rendered":"RIO GRANDE : JUNTO A TURISMO, ESTUDIANTES DE LA UNTDF REALIZARON UNA SALIDA PEDAG\u00d3GICA EN LA ZONA NORTE"},"content":{"rendered":"<p>Estudiantes junto a docentes de la carrera de Turismo de la Universidad Nacional Tierra del Fuego participaron de una salida de campo por la zona norte de la provincia junto a la Subsecretar\u00eda de Turismo del Municipio de R\u00edo Grande. La actividad fue en el marco de una propuesta pedag\u00f3gica orientada al reconocimiento del patrimonio natural y cultural del territorio.<\/p>\n<p>El Municipio de R\u00edo Grande, mediante la Subsecretar\u00eda de Turismo, acompa\u00f1\u00f3 a un grupo de estudiantes y docentes de la carrera de Turismo de la UNTDF (sede Ushuaia), a una salida de campo con fines pedag\u00f3gicos por la zona norte de la provincia.<\/p>\n<p>La actividad incluy\u00f3 visitas a diferentes puntos emblem\u00e1ticos del territorio fueguino como Cabo Pe\u00f1a, Cabo Domingo y Cabo Nombre donde las y los participantes profundizaron sus conocimientos sobre los procesos naturales que dieron origen a estos paisajes, as\u00ed como sobre la historia del lugar y su relevancia en la construcci\u00f3n de la identidad regional.<\/p>\n<p>En ese marco, R\u00edo Grande se consolid\u00f3 como un aula abierta para comprender en el territorio los contenidos vinculados a la historia natural y cultural de la provincia. La experiencia posibilit\u00f3 que las y los estudiantes reconozcan el potencial tur\u00edstico, educativo y patrimonial que posee esta regi\u00f3n, poniendo en valor el entorno en el que habitan y que fortalezcan su formaci\u00f3n profesional.<\/p>\n<p>Desde el Estado Municipal se destac\u00f3 la importancia de generar este tipo de articulaciones con la Universidad p\u00fablica, en pos de seguir promoviendo instancias que vinculen la formaci\u00f3n acad\u00e9mica con el territorio y que contribuyan a la puesta en valor de los atractivos naturales y culturales de R\u00edo Grande y su zona de influencia.<\/p>\n<p>A partir de estas acciones conjuntas, el Municipio reafirma el compromiso de impulsar constantemente propuestas que promuevan el conocimiento, el arraigo y el desarrollo local, poniendo en relieve todo lo que la zona norte de Tierra del Fuego tiene para compartir y ense\u00f1ar.<\/p>\n<p><img loading=\"lazy\" decoding=\"async\" class=\"alignnone size-medium wp-image-67997\" src=\"https:\/\/hablemosclarotdf.com.ar\/wp-content\/uploads\/2026\/02\/photo_2026-02-28_16-28-27-300x169.jpg\" alt=\"\" width=\"300\" height=\"169\" srcset=\"https:\/\/hablemosclarotdf.com.ar\/wp-content\/uploads\/2026\/02\/photo_2026-02-28_16-28-27-300x169.jpg 300w, https:\/\/hablemosclarotdf.com.ar\/wp-content\/uploads\/2026\/02\/photo_2026-02-28_16-28-27-1024x576.jpg 1024w, https:\/\/hablemosclarotdf.com.ar\/wp-content\/uploads\/2026\/02\/photo_2026-02-28_16-28-27-768x432.jpg 768w, https:\/\/hablemosclarotdf.com.ar\/wp-content\/uploads\/2026\/02\/photo_2026-02-28_16-28-27.jpg 1280w\" sizes=\"auto, (max-width: 300px) 100vw, 300px\" \/> <img loading=\"lazy\" decoding=\"async\" class=\"alignnone size-medium wp-image-67998\" src=\"https:\/\/hablemosclarotdf.com.ar\/wp-content\/uploads\/2026\/02\/photo_2026-02-28_16-28-32-300x169.jpg\" alt=\"\" width=\"300\" height=\"169\" srcset=\"https:\/\/hablemosclarotdf.com.ar\/wp-content\/uploads\/2026\/02\/photo_2026-02-28_16-28-32-300x169.jpg 300w, https:\/\/hablemosclarotdf.com.ar\/wp-content\/uploads\/2026\/02\/photo_2026-02-28_16-28-32-1024x576.jpg 1024w, https:\/\/hablemosclarotdf.com.ar\/wp-content\/uploads\/2026\/02\/photo_2026-02-28_16-28-32-768x432.jpg 768w, https:\/\/hablemosclarotdf.com.ar\/wp-content\/uploads\/2026\/02\/photo_2026-02-28_16-28-32.jpg 1280w\" sizes=\"auto, (max-width: 300px) 100vw, 300px\" \/><\/p>\n","protected":false},"excerpt":{"rendered":"<p>Estudiantes junto a docentes de la carrera de Turismo de la Universidad Nacional Tierra del&#8230;<\/p>\n","protected":false},"author":1,"featured_media":67996,"comment_status":"closed","ping_status":"closed","sticky":false,"template":"","format":"standard","meta":{"footnotes":""},"categories":[3],"tags":[],"class_list":["post-67995","post","type-post","status-publish","format-standard","has-post-thumbnail","hentry","category-noticias"],"jetpack_featured_media_url":"https:\/\/hablemosclarotdf.com.ar\/wp-content\/uploads\/2026\/02\/photo_2026-02-28_16-28-22.jpg","_links":{"self":[{"href":"https:\/\/hablemosclarotdf.com.ar\/index.php?rest_route=\/wp\/v2\/posts\/67995","targetHints":{"allow":["GET"]}}],"collection":[{"href":"https:\/\/hablemosclarotdf.com.ar\/index.php?rest_route=\/wp\/v2\/posts"}],"about":[{"href":"https:\/\/hablemosclarotdf.com.ar\/index.php?rest_route=\/wp\/v2\/types\/post"}],"author":[{"embeddable":true,"href":"https:\/\/hablemosclarotdf.com.ar\/index.php?rest_route=\/wp\/v2\/users\/1"}],"replies":[{"embeddable":true,"href":"https:\/\/hablemosclarotdf.com.ar\/index.php?rest_route=%2Fwp%2Fv2%2Fcomments&post=67995"}],"version-history":[{"count":1,"href":"https:\/\/hablemosclarotdf.com.ar\/index.php?rest_route=\/wp\/v2\/posts\/67995\/revisions"}],"predecessor-version":[{"id":67999,"href":"https:\/\/hablemosclarotdf.com.ar\/index.php?rest_route=\/wp\/v2\/posts\/67995\/revisions\/67999"}],"wp:featuredmedia":[{"embeddable":true,"href":"https:\/\/hablemosclarotdf.com.ar\/index.php?rest_route=\/wp\/v2\/media\/67996"}],"wp:attachment":[{"href":"https:\/\/hablemosclarotdf.com.ar\/index.php?rest_route=%2Fwp%2Fv2%2Fmedia&parent=67995"}],"wp:term":[{"taxonomy":"category","embeddable":true,"href":"https:\/\/hablemosclarotdf.com.ar\/index.php?rest_route=%2Fwp%2Fv2%2Fcategories&post=67995"},{"taxonomy":"post_tag","embeddable":true,"href":"https:\/\/hablemosclarotdf.com.ar\/index.php?rest_route=%2Fwp%2Fv2%2Ftags&post=67995"}],"curies":[{"name":"wp","href":"https:\/\/api.w.org\/{rel}","templated":true}]}}