{"id":67982,"date":"2026-02-28T13:50:55","date_gmt":"2026-02-28T16:50:55","guid":{"rendered":"https:\/\/hablemosclarotdf.com.ar\/?p=67982"},"modified":"2026-02-28T13:50:55","modified_gmt":"2026-02-28T16:50:55","slug":"el-gobernador-melella-formalizo-las-nuevas-designaciones-en-el-gabinete-provincial","status":"publish","type":"post","link":"https:\/\/hablemosclarotdf.com.ar\/?p=67982","title":{"rendered":"EL GOBERNADOR MELELLA FORMALIZ\u00d3 LAS NUEVAS DESIGNACIONES EN EL GABINETE PROVINCIAL"},"content":{"rendered":"<p>El Gobernador de la provincia, Gustavo Melella, formaliz\u00f3 la designaci\u00f3n de nuevos integrantes dentro del Gabinete provincial, en este caso, los titulares de los Ministerios de Energ\u00eda, Obras y Servicios P\u00fablicos, y Bienestar Ciudadano y Justicia.<\/p>\n<p>Durante el transcurso de la ma\u00f1ana del viernes en Casa de Gobierno, el Mandatario rubric\u00f3 el acto administrativo, por medio del cual dispuso que la profesora Gabriela Castillo, asuma como nueva Ministra de Energ\u00eda.<\/p>\n<p>Acto seguido, hizo lo propio con el ingeniero Mart\u00edn Moreyra quien reemplaza a la anterior Ministra mencionada al frente del Ministerio de Obras y Servicios P\u00fablicos.<\/p>\n<p>Por su parte, el s\u00e1bado, en las instalaciones de la Delegaci\u00f3n de Gobierno -en R\u00edo Grande- puso en funciones a la licenciada Luc\u00eda Rossi como flamante Ministra de Bienestar Ciudadano y Justicia.<\/p>\n<p>En este marco, el Mandatario dijo que \u201cconf\u00edo en la experiencia, el compromiso y la capacidad con la que Gabriela y Mart\u00edn vienen trabajando desde el inicio de nuestra gesti\u00f3n\u201d y agreg\u00f3 que \u201cesta nueva etapa nos permitir\u00e1 consolidar lo realizado y seguir avanzando en \u00e1reas clave para el crecimiento provincial\u201d.<\/p>\n<p>\u201cLuc\u00eda asume un desaf\u00edo especial, dando el paso desde el Concejo Deliberante de R\u00edo Grande a una responsabilidad provincial en un \u00e1rea tan sensible como Bienestar Ciudadano y Justicia\u201d, a\u00f1adi\u00f3 y concluy\u00f3: \u201cestoy convencido que, junto a sus equipos, vamos a continuar construyendo la provincia que queremos, con m\u00e1s desarrollo, oportunidades y un Estado presente\u201d.<\/p>\n<p>En relaci\u00f3n al nuevo rol que ocupar\u00e1, Gabriela Castillo expres\u00f3 que \u201ces un momento para estar profundamente agradecida por la confianza del Gobernador Melella y asumir con responsabilidad este nuevo desaf\u00edo\u201d.<\/p>\n<p>\u201cHan sido seis a\u00f1os de mucho trabajo y construcci\u00f3n colectiva en Obras P\u00fablicas, hoy comienza una nueva etapa enfocada en fortalecer el sistema energ\u00e9tico provincial y acompa\u00f1ar el crecimiento productivo de Tierra del Fuego\u201d, remarc\u00f3.<\/p>\n<p>\u201cAsumo este desaf\u00edo con responsabilidad y agradecimiento al Gobernador por la confianza para llevar adelante esta nueva etapa\u201d. \u201cEs una cartera en la que vengo trabajando desde el inicio de la gesti\u00f3n y vamos a dar continuidad a los proyectos en ejecuci\u00f3n, redoblando esfuerzos en un contexto nacional complejo\u201d, agreg\u00f3 por su parte el nuevo Ministro de Obras y Servicios P\u00fablicos, Mart\u00edn Moreyra.<\/p>\n<p>En esta l\u00ednea, Luc\u00eda Rossi manifest\u00f3 su \u201cenorme compromiso ante este nuevo desaf\u00edo\u201d, y agradeci\u00f3 \u201cal Gobernador Melella por la confianza para asumir esta tarea en un \u00e1rea tan sensible y estrat\u00e9gica para nuestra comunidad\u201d.<\/p>\n<p>\u201cEl Ministerio tiene el rol de acompa\u00f1ar a personas y familias, dise\u00f1ando y coordinando pol\u00edticas sociales con perspectiva de derechos y equidad territorial, cuidando la vida y el bienestar de cada fueguino y fueguina\u201d, a\u00f1adi\u00f3 la Ministra y sum\u00f3: \u201cinicio esta etapa con vocaci\u00f3n de servicio y convicci\u00f3n, sabiendo que el Estado debe estar presente donde m\u00e1s se lo necesita y que cada decisi\u00f3n impacta en la vida cotidiana de nuestra gente\u201d.<\/p>\n<p><img loading=\"lazy\" decoding=\"async\" class=\"alignnone size-medium wp-image-67984\" src=\"https:\/\/hablemosclarotdf.com.ar\/wp-content\/uploads\/2026\/02\/photo_2026-02-28_13-48-42-300x200.jpg\" alt=\"\" width=\"300\" height=\"200\" srcset=\"https:\/\/hablemosclarotdf.com.ar\/wp-content\/uploads\/2026\/02\/photo_2026-02-28_13-48-42-300x200.jpg 300w, https:\/\/hablemosclarotdf.com.ar\/wp-content\/uploads\/2026\/02\/photo_2026-02-28_13-48-42-1024x684.jpg 1024w, https:\/\/hablemosclarotdf.com.ar\/wp-content\/uploads\/2026\/02\/photo_2026-02-28_13-48-42-768x513.jpg 768w, https:\/\/hablemosclarotdf.com.ar\/wp-content\/uploads\/2026\/02\/photo_2026-02-28_13-48-42.jpg 1280w\" sizes=\"auto, (max-width: 300px) 100vw, 300px\" \/> <img loading=\"lazy\" decoding=\"async\" class=\"alignnone size-medium wp-image-67985\" src=\"https:\/\/hablemosclarotdf.com.ar\/wp-content\/uploads\/2026\/02\/photo_2026-02-28_13-48-48-300x200.jpg\" alt=\"\" width=\"300\" height=\"200\" srcset=\"https:\/\/hablemosclarotdf.com.ar\/wp-content\/uploads\/2026\/02\/photo_2026-02-28_13-48-48-300x200.jpg 300w, https:\/\/hablemosclarotdf.com.ar\/wp-content\/uploads\/2026\/02\/photo_2026-02-28_13-48-48-1024x684.jpg 1024w, https:\/\/hablemosclarotdf.com.ar\/wp-content\/uploads\/2026\/02\/photo_2026-02-28_13-48-48-768x513.jpg 768w, https:\/\/hablemosclarotdf.com.ar\/wp-content\/uploads\/2026\/02\/photo_2026-02-28_13-48-48.jpg 1280w\" sizes=\"auto, (max-width: 300px) 100vw, 300px\" \/> <img loading=\"lazy\" decoding=\"async\" class=\"alignnone size-medium wp-image-67986\" src=\"https:\/\/hablemosclarotdf.com.ar\/wp-content\/uploads\/2026\/02\/photo_2026-02-28_13-48-53-300x200.jpg\" alt=\"\" width=\"300\" height=\"200\" srcset=\"https:\/\/hablemosclarotdf.com.ar\/wp-content\/uploads\/2026\/02\/photo_2026-02-28_13-48-53-300x200.jpg 300w, https:\/\/hablemosclarotdf.com.ar\/wp-content\/uploads\/2026\/02\/photo_2026-02-28_13-48-53-1024x683.jpg 1024w, https:\/\/hablemosclarotdf.com.ar\/wp-content\/uploads\/2026\/02\/photo_2026-02-28_13-48-53-768x512.jpg 768w, https:\/\/hablemosclarotdf.com.ar\/wp-content\/uploads\/2026\/02\/photo_2026-02-28_13-48-53.jpg 1280w\" sizes=\"auto, (max-width: 300px) 100vw, 300px\" \/> <img loading=\"lazy\" decoding=\"async\" class=\"alignnone size-medium wp-image-67987\" src=\"https:\/\/hablemosclarotdf.com.ar\/wp-content\/uploads\/2026\/02\/photo_2026-02-28_13-48-58-300x200.jpg\" alt=\"\" width=\"300\" height=\"200\" srcset=\"https:\/\/hablemosclarotdf.com.ar\/wp-content\/uploads\/2026\/02\/photo_2026-02-28_13-48-58-300x200.jpg 300w, https:\/\/hablemosclarotdf.com.ar\/wp-content\/uploads\/2026\/02\/photo_2026-02-28_13-48-58-1024x683.jpg 1024w, https:\/\/hablemosclarotdf.com.ar\/wp-content\/uploads\/2026\/02\/photo_2026-02-28_13-48-58-768x512.jpg 768w, https:\/\/hablemosclarotdf.com.ar\/wp-content\/uploads\/2026\/02\/photo_2026-02-28_13-48-58.jpg 1280w\" sizes=\"auto, (max-width: 300px) 100vw, 300px\" \/> <img loading=\"lazy\" decoding=\"async\" class=\"alignnone size-medium wp-image-67988\" src=\"https:\/\/hablemosclarotdf.com.ar\/wp-content\/uploads\/2026\/02\/photo_2026-02-28_13-49-05-300x200.jpg\" alt=\"\" width=\"300\" height=\"200\" srcset=\"https:\/\/hablemosclarotdf.com.ar\/wp-content\/uploads\/2026\/02\/photo_2026-02-28_13-49-05-300x200.jpg 300w, https:\/\/hablemosclarotdf.com.ar\/wp-content\/uploads\/2026\/02\/photo_2026-02-28_13-49-05-1024x684.jpg 1024w, https:\/\/hablemosclarotdf.com.ar\/wp-content\/uploads\/2026\/02\/photo_2026-02-28_13-49-05-768x513.jpg 768w, https:\/\/hablemosclarotdf.com.ar\/wp-content\/uploads\/2026\/02\/photo_2026-02-28_13-49-05.jpg 1280w\" sizes=\"auto, (max-width: 300px) 100vw, 300px\" \/><\/p>\n","protected":false},"excerpt":{"rendered":"<p>El Gobernador de la provincia, Gustavo Melella, formaliz\u00f3 la designaci\u00f3n de nuevos integrantes dentro del&#8230;<\/p>\n","protected":false},"author":1,"featured_media":67983,"comment_status":"closed","ping_status":"closed","sticky":false,"template":"","format":"standard","meta":{"footnotes":""},"categories":[3],"tags":[],"class_list":["post-67982","post","type-post","status-publish","format-standard","has-post-thumbnail","hentry","category-noticias"],"jetpack_featured_media_url":"https:\/\/hablemosclarotdf.com.ar\/wp-content\/uploads\/2026\/02\/photo_2026-02-28_13-48-26.jpg","_links":{"self":[{"href":"https:\/\/hablemosclarotdf.com.ar\/index.php?rest_route=\/wp\/v2\/posts\/67982","targetHints":{"allow":["GET"]}}],"collection":[{"href":"https:\/\/hablemosclarotdf.com.ar\/index.php?rest_route=\/wp\/v2\/posts"}],"about":[{"href":"https:\/\/hablemosclarotdf.com.ar\/index.php?rest_route=\/wp\/v2\/types\/post"}],"author":[{"embeddable":true,"href":"https:\/\/hablemosclarotdf.com.ar\/index.php?rest_route=\/wp\/v2\/users\/1"}],"replies":[{"embeddable":true,"href":"https:\/\/hablemosclarotdf.com.ar\/index.php?rest_route=%2Fwp%2Fv2%2Fcomments&post=67982"}],"version-history":[{"count":1,"href":"https:\/\/hablemosclarotdf.com.ar\/index.php?rest_route=\/wp\/v2\/posts\/67982\/revisions"}],"predecessor-version":[{"id":67989,"href":"https:\/\/hablemosclarotdf.com.ar\/index.php?rest_route=\/wp\/v2\/posts\/67982\/revisions\/67989"}],"wp:featuredmedia":[{"embeddable":true,"href":"https:\/\/hablemosclarotdf.com.ar\/index.php?rest_route=\/wp\/v2\/media\/67983"}],"wp:attachment":[{"href":"https:\/\/hablemosclarotdf.com.ar\/index.php?rest_route=%2Fwp%2Fv2%2Fmedia&parent=67982"}],"wp:term":[{"taxonomy":"category","embeddable":true,"href":"https:\/\/hablemosclarotdf.com.ar\/index.php?rest_route=%2Fwp%2Fv2%2Fcategories&post=67982"},{"taxonomy":"post_tag","embeddable":true,"href":"https:\/\/hablemosclarotdf.com.ar\/index.php?rest_route=%2Fwp%2Fv2%2Ftags&post=67982"}],"curies":[{"name":"wp","href":"https:\/\/api.w.org\/{rel}","templated":true}]}}