{"id":67959,"date":"2026-02-27T20:33:01","date_gmt":"2026-02-27T23:33:01","guid":{"rendered":"https:\/\/hablemosclarotdf.com.ar\/?p=67959"},"modified":"2026-02-27T20:33:01","modified_gmt":"2026-02-27T23:33:01","slug":"rio-grande-jornada-solidaria-de-cortes-de-cabello-junto-la-barberia-stylo-mvp","status":"publish","type":"post","link":"https:\/\/hablemosclarotdf.com.ar\/?p=67959","title":{"rendered":"RIO GRANDE : JORNADA SOLIDARIA DE CORTES DE CABELLO JUNTO LA BARBER\u00cdA &#8220;STYLO MVP&#8221;"},"content":{"rendered":"<p>La propuesta se llevar\u00e1 adelante este s\u00e1bado 28 de febrero, de 16 a 19 horas, en el Centro Comunitario Municipal del barrio Per\u00f3n. El Municipio acompa\u00f1a la actividad.<\/p>\n<p>La iniciativa naci\u00f3 por parte de j\u00f3venes emprendedores de la barber\u00eda \u201cStylo MVP\u201d, varios de los cuales son egresados del Espacio Joven, quienes decidieron retribuir a la comunidad las herramientas y conocimientos adquiridos durante su formaci\u00f3n.<\/p>\n<p>El Municipio, a trav\u00e9s de la Secretar\u00eda de Gesti\u00f3n Ciudadana, acompa\u00f1ar\u00e1 esta iniciativa de servicio a la comunidad.<\/p>\n<p>La actividad es abierta y se desarrollar\u00e1 en el Centro Comunitario del barrio Per\u00f3n (Pasaje Hugo del Carril 27). Es importante destacar que contar\u00e1 con cupos limitados.<\/p>\n<p>Adem\u00e1s, participar\u00e1n 5 barberos y 3 peluqueras, quienes pondr\u00e1n en pr\u00e1ctica su formaci\u00f3n y experiencia al servicio de las vecinas y vecinos.<\/p>\n<p>Se invita a las familias del barrio y zonas aleda\u00f1as a sumarse a esta iniciativa solidaria, acerc\u00e1ndose en el horario y d\u00eda mencionado.<\/p>\n","protected":false},"excerpt":{"rendered":"<p>La propuesta se llevar\u00e1 adelante este s\u00e1bado 28 de febrero, de 16 a 19 horas,&#8230;<\/p>\n","protected":false},"author":1,"featured_media":67960,"comment_status":"closed","ping_status":"closed","sticky":false,"template":"","format":"standard","meta":{"footnotes":""},"categories":[3],"tags":[],"class_list":["post-67959","post","type-post","status-publish","format-standard","has-post-thumbnail","hentry","category-noticias"],"jetpack_featured_media_url":"https:\/\/hablemosclarotdf.com.ar\/wp-content\/uploads\/2026\/02\/photo_2026-02-27_20-31-23.jpg","_links":{"self":[{"href":"https:\/\/hablemosclarotdf.com.ar\/index.php?rest_route=\/wp\/v2\/posts\/67959","targetHints":{"allow":["GET"]}}],"collection":[{"href":"https:\/\/hablemosclarotdf.com.ar\/index.php?rest_route=\/wp\/v2\/posts"}],"about":[{"href":"https:\/\/hablemosclarotdf.com.ar\/index.php?rest_route=\/wp\/v2\/types\/post"}],"author":[{"embeddable":true,"href":"https:\/\/hablemosclarotdf.com.ar\/index.php?rest_route=\/wp\/v2\/users\/1"}],"replies":[{"embeddable":true,"href":"https:\/\/hablemosclarotdf.com.ar\/index.php?rest_route=%2Fwp%2Fv2%2Fcomments&post=67959"}],"version-history":[{"count":1,"href":"https:\/\/hablemosclarotdf.com.ar\/index.php?rest_route=\/wp\/v2\/posts\/67959\/revisions"}],"predecessor-version":[{"id":67961,"href":"https:\/\/hablemosclarotdf.com.ar\/index.php?rest_route=\/wp\/v2\/posts\/67959\/revisions\/67961"}],"wp:featuredmedia":[{"embeddable":true,"href":"https:\/\/hablemosclarotdf.com.ar\/index.php?rest_route=\/wp\/v2\/media\/67960"}],"wp:attachment":[{"href":"https:\/\/hablemosclarotdf.com.ar\/index.php?rest_route=%2Fwp%2Fv2%2Fmedia&parent=67959"}],"wp:term":[{"taxonomy":"category","embeddable":true,"href":"https:\/\/hablemosclarotdf.com.ar\/index.php?rest_route=%2Fwp%2Fv2%2Fcategories&post=67959"},{"taxonomy":"post_tag","embeddable":true,"href":"https:\/\/hablemosclarotdf.com.ar\/index.php?rest_route=%2Fwp%2Fv2%2Ftags&post=67959"}],"curies":[{"name":"wp","href":"https:\/\/api.w.org\/{rel}","templated":true}]}}