{"id":67953,"date":"2026-02-27T15:41:27","date_gmt":"2026-02-27T18:41:27","guid":{"rendered":"https:\/\/hablemosclarotdf.com.ar\/?p=67953"},"modified":"2026-02-27T15:41:27","modified_gmt":"2026-02-27T18:41:27","slug":"rio-grande-disfruta-el-fin-de-semana-con-diversas-actividades-para-la-familia","status":"publish","type":"post","link":"https:\/\/hablemosclarotdf.com.ar\/?p=67953","title":{"rendered":"RIO GRANDE : DISFRUT\u00c1 EL FIN DE SEMANA  CON DIVERSAS ACTIVIDADES PARA LA FAMILIA"},"content":{"rendered":"<p>VISIT\u00c1 EL MUSEO MUNICIPAL VIRGINIA CHOQUINTEL<\/p>\n<p>De lunes a viernes de 9 a 17 horas y los s\u00e1bados de 15:00 a 18:00, el Museo (Alberdi 555) abre sus puertas para que vecinos y vecinas aprendan sobre la Causa Malvinas; los pueblos originarios; el \u00e1rea de Ciencias Naturales con la biodiversidad fueguina; los ambientes marinos y terrestres; el sector de Historia con los principales sucesos hist\u00f3ricos de la ciudad y otros aspectos que son parte de nuestra identidad riograndense.<\/p>\n<p>\u201cRGA ALIMENTOS\u201d EN EL PASEO CANTO DEL VIENTO<\/p>\n<p>El punto de venta, ubicado en Fagnano 650, abre sus puertas de martes a s\u00e1bado de 10 a 20 horas; mientras que el domingo el horario ser\u00e1 de 10 a 13 horas. Durante el fin de semana los y las riograndenses podr\u00e1n adquirir tomates frescos de la marca local \u201cRGA Alimentos\u201d, as\u00ed como alimentos de productores locales como pescado, carne porcina, huevos y hortalizas.<\/p>\n<p>\u201cMERCADO DEL ATL\u00c1NTICO\u201d EN EL PASEO<\/p>\n<p>Este espacio, ubicado en Fagnano 650, atender\u00e1 este viernes, de 10 a 16 horas, mientras que el s\u00e1bado y el domingo, desde las 16 hasta las 20 horas. All\u00ed la comunidad podr\u00e1 encontrar productos elaborados por emprendedores, artesanos y productores locales.<\/p>\n<p>DISFRUT\u00c1 DE LA CALESITA DE ZONA SUR<\/p>\n<p>Este divertido espacio destinado a la recreaci\u00f3n y entretenimiento de las infancias de la ciudad se encuentra ubicado en Rafaela Ishton y Tolhuin. La calesita est\u00e1 abierta de mi\u00e9rcoles a domingos, desde las 15:30 hasta las 19 horas, con entrada libre y gratuita. El funcionamiento de la misma est\u00e1 sujeta a las condiciones clim\u00e1ticas.<\/p>\n<p>RECORRE EL PASEO DE CARNAVAL<\/p>\n<p>Este viernes, s\u00e1bado y domingo, el Paseo \u201cCanto del Viento\u201d, ubicado en Fagnano 650, abrir\u00e1 sus puertas, de 16 a 20 horas, para que las vecinas y vecinos disfruten de un entretenido recorrido que incluye stands con emprendedores locales, artesanos y manualistas de nuestra ciudad.<\/p>\n<p>\u201cPATIO GASTRON\u00d3MICO\u201d<\/p>\n<p>El Parque de los 100 A\u00f1os es escenario de diferentes actividades durante el fin de semana donde las vecinas y vecinos se encontrar\u00e1n con un patio gastron\u00f3mico y cultural, a partir de las 20 horas. Respecto a los espect\u00e1culos, este viernes se presentar\u00e1n Jah Gan y Dj Ras Fyah. Mientras que el s\u00e1bado ser\u00e1 turno de un especial de carnaval a cargo de la Murga Explosivapizpireta, Fraternidad cultural \u201cFuego y Pasi\u00f3n\u201d, LaLoLa y Comparsa Amancay.<\/p>\n<p>NUEVA JORNADA DE ADOPCI\u00d3N DE MASCOTAS Y VACUNACI\u00d3N ANTIRR\u00c1BICA<\/p>\n<p>Este s\u00e1bado se llevar\u00e1 adelante una nueva jornada de vacunaci\u00f3n antirr\u00e1bica y adopci\u00f3n de mascotas, una iniciativa que tendr\u00e1 lugar en la Direcci\u00f3n de Servicios Veterinarios, ubicado en 25 de Mayo 2937, en el horario de 9 a 14 horas. La atenci\u00f3n ser\u00e1 por orden de llegada.<\/p>\n<p>CORTES SOLIDARIOS<\/p>\n<p>En el marco del inicio del ciclo lectivo 2026, se realizar\u00e1 una jornada de cortes solidarios a cargo de peluqueros egresados del programa Formarte es Crecer que realiza el Municipio de R\u00edo Grande. La actividad ser\u00e1 este s\u00e1bado 28 de febrero de 16 a 19 horas en el CCM B\u00ba Per\u00f3n, ubicado en el Pasaje Hugo del Carril N.\u00b0 27.<\/p>\n<p>TARDES DE BARRIO<\/p>\n<p>El s\u00e1bado 28 de febrero, a partir de las 16 horas, se llevar\u00e1 a cabo esta jornada con actividades recreativas en la plaza del Barrio Cabo Pe\u00f1a, ubicada en Hoiken y Yourka. Durante la jornada habr\u00e1 juegos, cosas ricas para compartir con los presentes y muchas sorpresas. La jornada est\u00e1 sujeta a las condiciones clim\u00e1ticas.<\/p>\n","protected":false},"excerpt":{"rendered":"<p>VISIT\u00c1 EL MUSEO MUNICIPAL VIRGINIA CHOQUINTEL De lunes a viernes de 9 a 17 horas&#8230;<\/p>\n","protected":false},"author":1,"featured_media":67954,"comment_status":"closed","ping_status":"closed","sticky":false,"template":"","format":"standard","meta":{"footnotes":""},"categories":[3],"tags":[],"class_list":["post-67953","post","type-post","status-publish","format-standard","has-post-thumbnail","hentry","category-noticias"],"jetpack_featured_media_url":"https:\/\/hablemosclarotdf.com.ar\/wp-content\/uploads\/2026\/02\/photo_2026-02-27_15-39-21.jpg","_links":{"self":[{"href":"https:\/\/hablemosclarotdf.com.ar\/index.php?rest_route=\/wp\/v2\/posts\/67953","targetHints":{"allow":["GET"]}}],"collection":[{"href":"https:\/\/hablemosclarotdf.com.ar\/index.php?rest_route=\/wp\/v2\/posts"}],"about":[{"href":"https:\/\/hablemosclarotdf.com.ar\/index.php?rest_route=\/wp\/v2\/types\/post"}],"author":[{"embeddable":true,"href":"https:\/\/hablemosclarotdf.com.ar\/index.php?rest_route=\/wp\/v2\/users\/1"}],"replies":[{"embeddable":true,"href":"https:\/\/hablemosclarotdf.com.ar\/index.php?rest_route=%2Fwp%2Fv2%2Fcomments&post=67953"}],"version-history":[{"count":1,"href":"https:\/\/hablemosclarotdf.com.ar\/index.php?rest_route=\/wp\/v2\/posts\/67953\/revisions"}],"predecessor-version":[{"id":67955,"href":"https:\/\/hablemosclarotdf.com.ar\/index.php?rest_route=\/wp\/v2\/posts\/67953\/revisions\/67955"}],"wp:featuredmedia":[{"embeddable":true,"href":"https:\/\/hablemosclarotdf.com.ar\/index.php?rest_route=\/wp\/v2\/media\/67954"}],"wp:attachment":[{"href":"https:\/\/hablemosclarotdf.com.ar\/index.php?rest_route=%2Fwp%2Fv2%2Fmedia&parent=67953"}],"wp:term":[{"taxonomy":"category","embeddable":true,"href":"https:\/\/hablemosclarotdf.com.ar\/index.php?rest_route=%2Fwp%2Fv2%2Fcategories&post=67953"},{"taxonomy":"post_tag","embeddable":true,"href":"https:\/\/hablemosclarotdf.com.ar\/index.php?rest_route=%2Fwp%2Fv2%2Ftags&post=67953"}],"curies":[{"name":"wp","href":"https:\/\/api.w.org\/{rel}","templated":true}]}}