{"id":67949,"date":"2026-02-27T14:54:13","date_gmt":"2026-02-27T17:54:13","guid":{"rendered":"https:\/\/hablemosclarotdf.com.ar\/?p=67949"},"modified":"2026-02-27T14:54:13","modified_gmt":"2026-02-27T17:54:13","slug":"rio-grande-se-realizaran-4-jornadas-solidarias-para-acompanar-el-inicio-de-clases","status":"publish","type":"post","link":"https:\/\/hablemosclarotdf.com.ar\/?p=67949","title":{"rendered":"RIO GRANDE : SE REALIZAR\u00c1N 4 JORNADAS SOLIDARIAS PARA ACOMPA\u00d1AR EL INICIO DE CLASES"},"content":{"rendered":"<p>El Centro Cultural Alem ser\u00e1, nuevamente, escenario de la 4\u00b0 edici\u00f3n de \u201cCartucheras Solidarias\u201d. La misma es una propuesta en la que se confeccionar\u00e1n cartucheras que ser\u00e1n entregadas a las ni\u00f1as y ni\u00f1os que asisten a comedores y merenderos comunitarios de R\u00edo Grande.<\/p>\n<p>Por cuarto a\u00f1o consecutivo, el Municipio llevar\u00e1 adelante esta propuesta solidaria que tendr\u00e1 lugar en el Centro Cultural Alem los d\u00edas 2 3, 4 y 5 de marzo, en el horario de 10 a 15.30 horas.<\/p>\n<p>Durante 4 d\u00edas, m\u00e1s de 60 estudiantes de los talleres de &#8220;Corte y Confecci\u00f3n&#8221;, as\u00ed como de &#8220;Patchwork&#8221; van a confeccionar cartucheras aplicando diferentes t\u00e9cnicas. Las mismas estar\u00e1n destinadas a ni\u00f1as y ni\u00f1os que asisten a comedores y merenderos de nuestra ciudad.<\/p>\n<p>Cabe destacar que, desde que comenz\u00f3 esta acci\u00f3n solidaria, las alumnas de los talleres entre sus 3 ediciones anteriores llevan confeccionadas mas de 1900 cartucheras que fueron destinadas a las infancias de nuestra ciudad y esta a\u00f1o se proyecta superar las 900 unidades.<\/p>\n<p>Quienes se quieran sumarse a esta actividad solidaria, podr\u00e1n asistir los d\u00edas y en el horario mencionado, con su m\u00e1quina de coser y conocimientos en costura. No s\u00e9 requiere inscripci\u00f3n previa.<\/p>\n<p>Mediante esta acci\u00f3n, el Municipio contin\u00faa trabajando para que, entre todos y todas, se construya una comunidad solidaria, acompa\u00f1ando a las familias que m\u00e1s lo necesitan en el inicio del ciclo escolar 2026.<\/p>\n<p><img loading=\"lazy\" decoding=\"async\" class=\"alignnone size-medium wp-image-67951\" src=\"https:\/\/hablemosclarotdf.com.ar\/wp-content\/uploads\/2026\/02\/photo_2026-02-27_14-37-15-300x200.jpg\" alt=\"\" width=\"300\" height=\"200\" srcset=\"https:\/\/hablemosclarotdf.com.ar\/wp-content\/uploads\/2026\/02\/photo_2026-02-27_14-37-15-300x200.jpg 300w, https:\/\/hablemosclarotdf.com.ar\/wp-content\/uploads\/2026\/02\/photo_2026-02-27_14-37-15-1024x682.jpg 1024w, https:\/\/hablemosclarotdf.com.ar\/wp-content\/uploads\/2026\/02\/photo_2026-02-27_14-37-15-768x512.jpg 768w, https:\/\/hablemosclarotdf.com.ar\/wp-content\/uploads\/2026\/02\/photo_2026-02-27_14-37-15.jpg 1280w\" sizes=\"auto, (max-width: 300px) 100vw, 300px\" \/><\/p>\n","protected":false},"excerpt":{"rendered":"<p>El Centro Cultural Alem ser\u00e1, nuevamente, escenario de la 4\u00b0 edici\u00f3n de \u201cCartucheras Solidarias\u201d. La&#8230;<\/p>\n","protected":false},"author":1,"featured_media":67950,"comment_status":"closed","ping_status":"closed","sticky":false,"template":"","format":"standard","meta":{"footnotes":""},"categories":[3],"tags":[],"class_list":["post-67949","post","type-post","status-publish","format-standard","has-post-thumbnail","hentry","category-noticias"],"jetpack_featured_media_url":"https:\/\/hablemosclarotdf.com.ar\/wp-content\/uploads\/2026\/02\/photo_2026-02-27_14-36-39.jpg","_links":{"self":[{"href":"https:\/\/hablemosclarotdf.com.ar\/index.php?rest_route=\/wp\/v2\/posts\/67949","targetHints":{"allow":["GET"]}}],"collection":[{"href":"https:\/\/hablemosclarotdf.com.ar\/index.php?rest_route=\/wp\/v2\/posts"}],"about":[{"href":"https:\/\/hablemosclarotdf.com.ar\/index.php?rest_route=\/wp\/v2\/types\/post"}],"author":[{"embeddable":true,"href":"https:\/\/hablemosclarotdf.com.ar\/index.php?rest_route=\/wp\/v2\/users\/1"}],"replies":[{"embeddable":true,"href":"https:\/\/hablemosclarotdf.com.ar\/index.php?rest_route=%2Fwp%2Fv2%2Fcomments&post=67949"}],"version-history":[{"count":1,"href":"https:\/\/hablemosclarotdf.com.ar\/index.php?rest_route=\/wp\/v2\/posts\/67949\/revisions"}],"predecessor-version":[{"id":67952,"href":"https:\/\/hablemosclarotdf.com.ar\/index.php?rest_route=\/wp\/v2\/posts\/67949\/revisions\/67952"}],"wp:featuredmedia":[{"embeddable":true,"href":"https:\/\/hablemosclarotdf.com.ar\/index.php?rest_route=\/wp\/v2\/media\/67950"}],"wp:attachment":[{"href":"https:\/\/hablemosclarotdf.com.ar\/index.php?rest_route=%2Fwp%2Fv2%2Fmedia&parent=67949"}],"wp:term":[{"taxonomy":"category","embeddable":true,"href":"https:\/\/hablemosclarotdf.com.ar\/index.php?rest_route=%2Fwp%2Fv2%2Fcategories&post=67949"},{"taxonomy":"post_tag","embeddable":true,"href":"https:\/\/hablemosclarotdf.com.ar\/index.php?rest_route=%2Fwp%2Fv2%2Ftags&post=67949"}],"curies":[{"name":"wp","href":"https:\/\/api.w.org\/{rel}","templated":true}]}}