{"id":67940,"date":"2026-02-27T12:16:12","date_gmt":"2026-02-27T15:16:12","guid":{"rendered":"https:\/\/hablemosclarotdf.com.ar\/?p=67940"},"modified":"2026-02-27T12:16:12","modified_gmt":"2026-02-27T15:16:12","slug":"el-ministro-devita-encabezo-la-primera-reunion-anual-de-la-caae-e-insistio-en-la-defensa-de-la-ley-19-640","status":"publish","type":"post","link":"https:\/\/hablemosclarotdf.com.ar\/?p=67940","title":{"rendered":"EL MINISTRO DEVITA ENCABEZ\u00d3 LA PRIMERA REUNI\u00d3N ANUAL DE LA CAAE E INSISTI\u00d3 EN LA DEFENSA DE LA LEY 19.640"},"content":{"rendered":"<p>El ministro de Producci\u00f3n y Ambiente, Francisco Devita, junto a la secretaria de Industria y Promoci\u00f3n Econ\u00f3mica, Alejandra Man, encabez\u00f3 la reuni\u00f3n N\u00ba 643 de la Comisi\u00f3n para el \u00c1rea Aduanera Especial (CAAE), dando inicio al calendario anual de actividades del organismo. El encuentro se desarroll\u00f3 en Casa de Gobierno con la participaci\u00f3n plena de sus integrantes, tanto de manera presencial como remota.<\/p>\n<p>Durante la jornada, Devita present\u00f3 los ejes de su gesti\u00f3n y convoc\u00f3 a fortalecer el trabajo articulado entre el sector p\u00fablico, las empresas, las c\u00e1maras y los representantes de la Comisi\u00f3n. &#8220;Debemos mantener una actitud proactiva para defender la Ley 19.640, que es el coraz\u00f3n productivo y geopol\u00edtico de nuestra provincia&#8221;, afirm\u00f3 el funcionario, quien adem\u00e1s subray\u00f3 que &#8220;la 19.640 es soberan\u00eda, y desde este espacio debemos redoblar esfuerzos para acompa\u00f1ar al entramado productivo y a las familias fueguinas&#8221;.<\/p>\n<p>El Ministro comparti\u00f3 un balance de sus recorridas por distintas plantas fabriles, donde tom\u00f3 contacto directo con procesos productivos, inversiones en curso y proyecciones del sector. En ese marco, se comprometi\u00f3 a trabajar desde su cartera para &#8220;optimizar procesos, tiempos y sistemas, brindando respuestas \u00e1giles frente al escenario actual&#8221;.<\/p>\n<p>En el plano administrativo, se aprobaron tramitaciones vinculadas a acreditaciones de origen, informes t\u00e9cnicos y dispensas, y se avanz\u00f3 en la actualizaci\u00f3n de procesos productivos. Estas medidas buscan fortalecer la competitividad en un contexto de baja demanda y mayor apertura de importaciones.<\/p>\n<p>Participaron del encuentro representantes de la Direcci\u00f3n General de Aduanas de la AFIP, la Uni\u00f3n Industrial Fueguina, la Uni\u00f3n Obrera Metal\u00fargica (seccionales R\u00edo Grande y Ushuaia), AFARTE, CAFIN, ASIMRA, la C\u00e1mara de Comercio de R\u00edo Grande y la Corresponsal\u00eda de Despachantes de Aduana de R\u00edo Grande. De manera remota, se sumaron integrantes de la Secretar\u00eda de Industria y Comercio y de la Secretar\u00eda de Hacienda del Ministerio de Econom\u00eda de la Naci\u00f3n.<\/p>\n<p><img loading=\"lazy\" decoding=\"async\" class=\"alignnone size-medium wp-image-67942\" src=\"https:\/\/hablemosclarotdf.com.ar\/wp-content\/uploads\/2026\/02\/photo_2026-02-27_12-13-34-300x225.jpg\" alt=\"\" width=\"300\" height=\"225\" srcset=\"https:\/\/hablemosclarotdf.com.ar\/wp-content\/uploads\/2026\/02\/photo_2026-02-27_12-13-34-300x225.jpg 300w, https:\/\/hablemosclarotdf.com.ar\/wp-content\/uploads\/2026\/02\/photo_2026-02-27_12-13-34-1024x768.jpg 1024w, https:\/\/hablemosclarotdf.com.ar\/wp-content\/uploads\/2026\/02\/photo_2026-02-27_12-13-34-768x576.jpg 768w, https:\/\/hablemosclarotdf.com.ar\/wp-content\/uploads\/2026\/02\/photo_2026-02-27_12-13-34.jpg 1280w\" sizes=\"auto, (max-width: 300px) 100vw, 300px\" \/> <img loading=\"lazy\" decoding=\"async\" class=\"alignnone size-medium wp-image-67943\" src=\"https:\/\/hablemosclarotdf.com.ar\/wp-content\/uploads\/2026\/02\/photo_2026-02-27_12-13-39-300x200.jpg\" alt=\"\" width=\"300\" height=\"200\" srcset=\"https:\/\/hablemosclarotdf.com.ar\/wp-content\/uploads\/2026\/02\/photo_2026-02-27_12-13-39-300x200.jpg 300w, https:\/\/hablemosclarotdf.com.ar\/wp-content\/uploads\/2026\/02\/photo_2026-02-27_12-13-39-1024x683.jpg 1024w, https:\/\/hablemosclarotdf.com.ar\/wp-content\/uploads\/2026\/02\/photo_2026-02-27_12-13-39-768x512.jpg 768w, https:\/\/hablemosclarotdf.com.ar\/wp-content\/uploads\/2026\/02\/photo_2026-02-27_12-13-39.jpg 1152w\" sizes=\"auto, (max-width: 300px) 100vw, 300px\" \/> <img loading=\"lazy\" decoding=\"async\" class=\"alignnone size-medium wp-image-67944\" src=\"https:\/\/hablemosclarotdf.com.ar\/wp-content\/uploads\/2026\/02\/photo_2026-02-27_12-13-47-300x226.jpg\" alt=\"\" width=\"300\" height=\"226\" srcset=\"https:\/\/hablemosclarotdf.com.ar\/wp-content\/uploads\/2026\/02\/photo_2026-02-27_12-13-47-300x226.jpg 300w, https:\/\/hablemosclarotdf.com.ar\/wp-content\/uploads\/2026\/02\/photo_2026-02-27_12-13-47-1024x770.jpg 1024w, https:\/\/hablemosclarotdf.com.ar\/wp-content\/uploads\/2026\/02\/photo_2026-02-27_12-13-47-768x578.jpg 768w, https:\/\/hablemosclarotdf.com.ar\/wp-content\/uploads\/2026\/02\/photo_2026-02-27_12-13-47.jpg 1280w\" sizes=\"auto, (max-width: 300px) 100vw, 300px\" \/><\/p>\n","protected":false},"excerpt":{"rendered":"<p>El ministro de Producci\u00f3n y Ambiente, Francisco Devita, junto a la secretaria de Industria y&#8230;<\/p>\n","protected":false},"author":1,"featured_media":67941,"comment_status":"closed","ping_status":"closed","sticky":false,"template":"","format":"standard","meta":{"footnotes":""},"categories":[3],"tags":[],"class_list":["post-67940","post","type-post","status-publish","format-standard","has-post-thumbnail","hentry","category-noticias"],"jetpack_featured_media_url":"https:\/\/hablemosclarotdf.com.ar\/wp-content\/uploads\/2026\/02\/photo_2026-02-27_12-13-29.jpg","_links":{"self":[{"href":"https:\/\/hablemosclarotdf.com.ar\/index.php?rest_route=\/wp\/v2\/posts\/67940","targetHints":{"allow":["GET"]}}],"collection":[{"href":"https:\/\/hablemosclarotdf.com.ar\/index.php?rest_route=\/wp\/v2\/posts"}],"about":[{"href":"https:\/\/hablemosclarotdf.com.ar\/index.php?rest_route=\/wp\/v2\/types\/post"}],"author":[{"embeddable":true,"href":"https:\/\/hablemosclarotdf.com.ar\/index.php?rest_route=\/wp\/v2\/users\/1"}],"replies":[{"embeddable":true,"href":"https:\/\/hablemosclarotdf.com.ar\/index.php?rest_route=%2Fwp%2Fv2%2Fcomments&post=67940"}],"version-history":[{"count":1,"href":"https:\/\/hablemosclarotdf.com.ar\/index.php?rest_route=\/wp\/v2\/posts\/67940\/revisions"}],"predecessor-version":[{"id":67945,"href":"https:\/\/hablemosclarotdf.com.ar\/index.php?rest_route=\/wp\/v2\/posts\/67940\/revisions\/67945"}],"wp:featuredmedia":[{"embeddable":true,"href":"https:\/\/hablemosclarotdf.com.ar\/index.php?rest_route=\/wp\/v2\/media\/67941"}],"wp:attachment":[{"href":"https:\/\/hablemosclarotdf.com.ar\/index.php?rest_route=%2Fwp%2Fv2%2Fmedia&parent=67940"}],"wp:term":[{"taxonomy":"category","embeddable":true,"href":"https:\/\/hablemosclarotdf.com.ar\/index.php?rest_route=%2Fwp%2Fv2%2Fcategories&post=67940"},{"taxonomy":"post_tag","embeddable":true,"href":"https:\/\/hablemosclarotdf.com.ar\/index.php?rest_route=%2Fwp%2Fv2%2Ftags&post=67940"}],"curies":[{"name":"wp","href":"https:\/\/api.w.org\/{rel}","templated":true}]}}