{"id":67934,"date":"2026-02-27T10:54:47","date_gmt":"2026-02-27T13:54:47","guid":{"rendered":"https:\/\/hablemosclarotdf.com.ar\/?p=67934"},"modified":"2026-02-27T10:54:47","modified_gmt":"2026-02-27T13:54:47","slug":"este-sabado-28-se-realizara-el-baile-del-recuerdo-en-ushuaia","status":"publish","type":"post","link":"https:\/\/hablemosclarotdf.com.ar\/?p=67934","title":{"rendered":"ESTE S\u00c1BADO 28 SE REALIZAR\u00c1 EL \u201cBAILE DEL RECUERDO\u201d EN USHUAIA"},"content":{"rendered":"<p>El Gobierno provincial invita a la comunidad a participar de una nueva edici\u00f3n del \u201cBaile del Recuerdo\u201d, una propuesta para revivir los grandes \u00e9xitos de los \u201870, \u201880 y \u201890.<\/p>\n<p>El encuentro se llevar\u00e1 a cabo a partir de las 20:00 hs en la Escuela N\u00b0 1 (Av. Maip\u00fa 697), con entrada libre y gratuita, en una propuesta pensada para quienes quieran volver a bailar los cl\u00e1sicos que marcaron distintas \u00e9pocas.<\/p>\n<p>El responsable de Promoci\u00f3n Territorial, Mat\u00edas Machado, destac\u00f3 que \u201cla idea es generar un espacio de encuentro y disfrute, donde los vecinos puedan compartir una noche distinta, con m\u00fasica que marc\u00f3 a muchas personas a lo largo de los a\u00f1os\u201d.<\/p>\n<p>Asimismo, se\u00f1al\u00f3 que \u201ceste tipo de propuestas permiten fortalecer los lazos comunitarios y brindar alternativas recreativas para el p\u00fablico, en un ambiente cuidado y pensado para el disfrute\u201d.<\/p>\n<p>Durante la noche habr\u00e1 emprendedores que ofrecer\u00e1n distintas opciones gastron\u00f3micas, acompa\u00f1ando esta iniciativa que combina m\u00fasica, baile y nostalgia.<\/p>\n<p>Estas acciones forman parte de las pol\u00edticas que impulsa el Gobierno provincial para generar espacios de encuentro, recreaci\u00f3n y fortalecimiento comunitario en toda la provincia.<\/p>\n","protected":false},"excerpt":{"rendered":"<p>El Gobierno provincial invita a la comunidad a participar de una nueva edici\u00f3n del \u201cBaile&#8230;<\/p>\n","protected":false},"author":1,"featured_media":67935,"comment_status":"closed","ping_status":"closed","sticky":false,"template":"","format":"standard","meta":{"footnotes":""},"categories":[3],"tags":[],"class_list":["post-67934","post","type-post","status-publish","format-standard","has-post-thumbnail","hentry","category-noticias"],"jetpack_featured_media_url":"https:\/\/hablemosclarotdf.com.ar\/wp-content\/uploads\/2026\/02\/photo_2026-02-27_10-53-09.jpg","_links":{"self":[{"href":"https:\/\/hablemosclarotdf.com.ar\/index.php?rest_route=\/wp\/v2\/posts\/67934","targetHints":{"allow":["GET"]}}],"collection":[{"href":"https:\/\/hablemosclarotdf.com.ar\/index.php?rest_route=\/wp\/v2\/posts"}],"about":[{"href":"https:\/\/hablemosclarotdf.com.ar\/index.php?rest_route=\/wp\/v2\/types\/post"}],"author":[{"embeddable":true,"href":"https:\/\/hablemosclarotdf.com.ar\/index.php?rest_route=\/wp\/v2\/users\/1"}],"replies":[{"embeddable":true,"href":"https:\/\/hablemosclarotdf.com.ar\/index.php?rest_route=%2Fwp%2Fv2%2Fcomments&post=67934"}],"version-history":[{"count":1,"href":"https:\/\/hablemosclarotdf.com.ar\/index.php?rest_route=\/wp\/v2\/posts\/67934\/revisions"}],"predecessor-version":[{"id":67936,"href":"https:\/\/hablemosclarotdf.com.ar\/index.php?rest_route=\/wp\/v2\/posts\/67934\/revisions\/67936"}],"wp:featuredmedia":[{"embeddable":true,"href":"https:\/\/hablemosclarotdf.com.ar\/index.php?rest_route=\/wp\/v2\/media\/67935"}],"wp:attachment":[{"href":"https:\/\/hablemosclarotdf.com.ar\/index.php?rest_route=%2Fwp%2Fv2%2Fmedia&parent=67934"}],"wp:term":[{"taxonomy":"category","embeddable":true,"href":"https:\/\/hablemosclarotdf.com.ar\/index.php?rest_route=%2Fwp%2Fv2%2Fcategories&post=67934"},{"taxonomy":"post_tag","embeddable":true,"href":"https:\/\/hablemosclarotdf.com.ar\/index.php?rest_route=%2Fwp%2Fv2%2Ftags&post=67934"}],"curies":[{"name":"wp","href":"https:\/\/api.w.org\/{rel}","templated":true}]}}