{"id":67929,"date":"2026-02-27T10:52:02","date_gmt":"2026-02-27T13:52:02","guid":{"rendered":"https:\/\/hablemosclarotdf.com.ar\/?p=67929"},"modified":"2026-02-27T10:52:02","modified_gmt":"2026-02-27T13:52:02","slug":"rio-grande-el-municipio-promueve-y-facilita-el-acceso-a-la-educacion-superior","status":"publish","type":"post","link":"https:\/\/hablemosclarotdf.com.ar\/?p=67929","title":{"rendered":"RIO GRANDE : EL MUNICIPIO PROMUEVE Y FACILITA EL ACCESO A LA EDUCACI\u00d3N SUPERIOR"},"content":{"rendered":"<p>En el marco de un nuevo ciclo lectivo, la gesti\u00f3n del intendente Mart\u00edn Perez sostiene diversos convenios con instituciones nacionales a fin de acercar propuestas de formaci\u00f3n a la comunidad de R\u00edo Grande. La oferta acad\u00e9mica es amplia y diversa e incluye licenciaturas, diplomaturas y cursos de capacitaci\u00f3n.<\/p>\n<p>El Municipio de R\u00edo Grande lleva adelante m\u00faltiples acciones de manera transversal para acompa\u00f1ar a las y los vecinos en sus proyectos de vida, garantizando la presencia del Estado y posibilitando el acceso a diferentes pol\u00edticas educativas.<\/p>\n<p>En este marco, el Estado Municipal mantiene convenios con organismos e instituciones como la Universidad Metropolitana para la Educaci\u00f3n y el Trabajo (UMET), donde la comunidad puede acceder a un 50% descuento en carreras virtuales como la Lic. en Educaci\u00f3n, Pol\u00edticas P\u00fablicas y Organizaciones del Campo pedag\u00f3gico; Lic. en Pol\u00edticas P\u00fablicas y Gobierno; Lic. en Gesti\u00f3n Cultural y Tecnicatura en Gesti\u00f3n Ambiental.<\/p>\n<p>En tanto, a trav\u00e9s de la Subsecretar\u00eda de Cultura, R\u00edo Grande concret\u00f3 en el a\u00f1o 2020 la firma de un convenio con la Universidad Nacional de las Artes (UNA), que permiti\u00f3 el dictado de la Tecnicatura Int\u00e9rprete en Danzas Folkl\u00f3ricas; la Diplomatura en Canto Popular, la Diplomatura en Iniciaci\u00f3n a la Actuaci\u00f3n, la Diplomatura en Dise\u00f1o Esc\u00e9nico (sonido e iluminaci\u00f3n) y la Diplomatura en Puesta Esc\u00e9nica de las Danzas Folkl\u00f3ricas y Populares Argentinas, con m\u00e1s de 90 egresados.<\/p>\n<p>Asimismo, actualmente estudiantes de la provincia se encuentran cursando el \u00faltimo a\u00f1o de la Tecnicatura Instrumentista Orquestal. En tal marco, se prev\u00e9 para el presente a\u00f1o el desarrollo de la Tecnicatura en Arreglos y M\u00fasica Popular, dependiente del Departamento de Artes Musicales y Sonoras de la UNA.<\/p>\n<p>Por otra parte, con el objetivo de fortalecer las competencias did\u00e1ctico-pedag\u00f3gicas de estudiantes y docentes, as\u00ed como contribuir a la formaci\u00f3n integral de la comunidad, el Municipio sostiene los convenios con la Universidad Nacional de la Patagonia Austral (UNPA) para el dictado de la Tecnicatura en Recursos Naturales Renovables con orientaci\u00f3n en Producci\u00f3n Agropecuaria- Acu\u00edcola y Frutihort\u00edcola; Tecnicatura en Turismo; Licenciatura en Trabajo Social y la Licenciatura en Turismo. Tambi\u00e9n, junto la Universidad Nacional Tres de Febrero (UNTREF), se ofrecen la Tecnicatura en Log\u00edstica y la Diplomatura Superior Universitaria de Docencia e Investigaci\u00f3n en Educaci\u00f3n Superior.<\/p>\n<p>En el marco del convenio con el Instituto Universitario River Plate (IURP), mediante Formaci\u00f3n Deportiva RGA, se brinda la posibilidad de cursar propuestas vinculadas al \u00e1mbito deportivo, tales como las licenciaturas en Educaci\u00f3n F\u00edsica, Marketing y Periodismo Deportivo; los ciclos de complementaci\u00f3n curricular en Actividad F\u00edsica y Deporte y Administraci\u00f3n del Deporte; y el Profesorado de Educaci\u00f3n F\u00edsica.<\/p>\n<p>La oferta tambi\u00e9n incluye: las diplomaturas en Oratoria e Imagen, Ense\u00f1anza al futbol en ni\u00f1os, ni\u00f1as y adolescentes; Gesti\u00f3n del Tiempo Libre y la Recreaci\u00f3n, Formaci\u00f3n Deportiva \u201cFutbol Formativo\u201d, Kinesiolog\u00eda Deportiva y Rehabilitaci\u00f3n Interdisciplinaria; Actividad F\u00edsica, Deporte y Discapacidad, Liderazgo Personal, Gesti\u00f3n de Deportes y del Coaching Deportivo, Comunicaci\u00f3n Publicitaria y Marketing aplicado al Deporte, Psicolog\u00eda Deportiva, Enfermer\u00eda aplicada al Deporte; Actividad F\u00edsica y Deporte, Gesti\u00f3n en Coaching, y Abordaje de la Inclusi\u00f3n Educativa y TEA en el campo de la Educ. F\u00edsica Escolar.<\/p>\n<p>Asimismo, se dictan cursos espec\u00edficos como Roles y Funciones del \u00c1rbitro de Futsal e Introducci\u00f3n a la Gesti\u00f3n en Coaching Deportivo, brindando herramientas concretas para la formaci\u00f3n y el desarrollo profesional en distintos \u00e1mbitos del deporte. Las propuestas est\u00e1n destinadas a profesionales, estudiantes avanzados y p\u00fablico en general, seg\u00fan cada especialidad, ampliando el acceso a la educaci\u00f3n superior en la ciudad.<\/p>\n<p>Mediante un convenio de cooperaci\u00f3n con el Consejo Latinoamericano de Ciencias Sociales (CLACSO) se encuentran disponibles beneficios formativos para acceder a Diplomas Superiores y Seminarios Virtuales en modalidad 100% virtual.<\/p>\n<p>Finalmente, el Municipio sostiene el convenio de colaboraci\u00f3n y cooperaci\u00f3n con la Universidad Nacional de la Plata (UNLP), que permiti\u00f3 desarrollar instancias de formaci\u00f3n como la Diplomatura Universitaria en Promoci\u00f3n y Gesti\u00f3n de Salud Comunitaria, y el curso Universitario \u201cAgentes Multiplicadores de Prevenci\u00f3n del Suicidio\u201d. En este marco, se prev\u00e9n nuevas propuestas formativas para el 2026, destinadas a vecinos y vecinas de la ciudad.<\/p>\n<p>De esta manera, el Estado Municipal fortalece las pol\u00edticas p\u00fablicas orientadas a la formaci\u00f3n permanente, el acceso al conocimiento y la construcci\u00f3n de una comunidad con mayores oportunidades.<\/p>\n<p><img loading=\"lazy\" decoding=\"async\" class=\"alignnone size-medium wp-image-67931\" src=\"https:\/\/hablemosclarotdf.com.ar\/wp-content\/uploads\/2026\/02\/photo_2026-02-27_10-50-48-300x200.jpg\" alt=\"\" width=\"300\" height=\"200\" srcset=\"https:\/\/hablemosclarotdf.com.ar\/wp-content\/uploads\/2026\/02\/photo_2026-02-27_10-50-48-300x200.jpg 300w, https:\/\/hablemosclarotdf.com.ar\/wp-content\/uploads\/2026\/02\/photo_2026-02-27_10-50-48-1024x682.jpg 1024w, https:\/\/hablemosclarotdf.com.ar\/wp-content\/uploads\/2026\/02\/photo_2026-02-27_10-50-48-768x512.jpg 768w, https:\/\/hablemosclarotdf.com.ar\/wp-content\/uploads\/2026\/02\/photo_2026-02-27_10-50-48.jpg 1280w\" sizes=\"auto, (max-width: 300px) 100vw, 300px\" \/><\/p>\n<p><img loading=\"lazy\" decoding=\"async\" class=\"alignnone size-medium wp-image-67932\" src=\"https:\/\/hablemosclarotdf.com.ar\/wp-content\/uploads\/2026\/02\/photo_2026-02-27_10-50-54-300x200.jpg\" alt=\"\" width=\"300\" height=\"200\" srcset=\"https:\/\/hablemosclarotdf.com.ar\/wp-content\/uploads\/2026\/02\/photo_2026-02-27_10-50-54-300x200.jpg 300w, https:\/\/hablemosclarotdf.com.ar\/wp-content\/uploads\/2026\/02\/photo_2026-02-27_10-50-54-1024x682.jpg 1024w, https:\/\/hablemosclarotdf.com.ar\/wp-content\/uploads\/2026\/02\/photo_2026-02-27_10-50-54-768x512.jpg 768w, https:\/\/hablemosclarotdf.com.ar\/wp-content\/uploads\/2026\/02\/photo_2026-02-27_10-50-54.jpg 1280w\" sizes=\"auto, (max-width: 300px) 100vw, 300px\" \/><\/p>\n","protected":false},"excerpt":{"rendered":"<p>En el marco de un nuevo ciclo lectivo, la gesti\u00f3n del intendente Mart\u00edn Perez sostiene&#8230;<\/p>\n","protected":false},"author":1,"featured_media":67930,"comment_status":"closed","ping_status":"closed","sticky":false,"template":"","format":"standard","meta":{"footnotes":""},"categories":[3],"tags":[],"class_list":["post-67929","post","type-post","status-publish","format-standard","has-post-thumbnail","hentry","category-noticias"],"jetpack_featured_media_url":"https:\/\/hablemosclarotdf.com.ar\/wp-content\/uploads\/2026\/02\/photo_2026-02-27_10-50-38.jpg","_links":{"self":[{"href":"https:\/\/hablemosclarotdf.com.ar\/index.php?rest_route=\/wp\/v2\/posts\/67929","targetHints":{"allow":["GET"]}}],"collection":[{"href":"https:\/\/hablemosclarotdf.com.ar\/index.php?rest_route=\/wp\/v2\/posts"}],"about":[{"href":"https:\/\/hablemosclarotdf.com.ar\/index.php?rest_route=\/wp\/v2\/types\/post"}],"author":[{"embeddable":true,"href":"https:\/\/hablemosclarotdf.com.ar\/index.php?rest_route=\/wp\/v2\/users\/1"}],"replies":[{"embeddable":true,"href":"https:\/\/hablemosclarotdf.com.ar\/index.php?rest_route=%2Fwp%2Fv2%2Fcomments&post=67929"}],"version-history":[{"count":1,"href":"https:\/\/hablemosclarotdf.com.ar\/index.php?rest_route=\/wp\/v2\/posts\/67929\/revisions"}],"predecessor-version":[{"id":67933,"href":"https:\/\/hablemosclarotdf.com.ar\/index.php?rest_route=\/wp\/v2\/posts\/67929\/revisions\/67933"}],"wp:featuredmedia":[{"embeddable":true,"href":"https:\/\/hablemosclarotdf.com.ar\/index.php?rest_route=\/wp\/v2\/media\/67930"}],"wp:attachment":[{"href":"https:\/\/hablemosclarotdf.com.ar\/index.php?rest_route=%2Fwp%2Fv2%2Fmedia&parent=67929"}],"wp:term":[{"taxonomy":"category","embeddable":true,"href":"https:\/\/hablemosclarotdf.com.ar\/index.php?rest_route=%2Fwp%2Fv2%2Fcategories&post=67929"},{"taxonomy":"post_tag","embeddable":true,"href":"https:\/\/hablemosclarotdf.com.ar\/index.php?rest_route=%2Fwp%2Fv2%2Ftags&post=67929"}],"curies":[{"name":"wp","href":"https:\/\/api.w.org\/{rel}","templated":true}]}}