{"id":67883,"date":"2026-02-26T16:35:16","date_gmt":"2026-02-26T19:35:16","guid":{"rendered":"https:\/\/hablemosclarotdf.com.ar\/?p=67883"},"modified":"2026-02-26T16:35:16","modified_gmt":"2026-02-26T19:35:16","slug":"rio-grande-espacio-joven-zona-sur-3-anos-consolidando-politicas-para-juventudes","status":"publish","type":"post","link":"https:\/\/hablemosclarotdf.com.ar\/?p=67883","title":{"rendered":"RIO GRANDE : ESPACIO JOVEN ZONA SUR: 3 A\u00d1OS CONSOLIDANDO POL\u00cdTICAS PARA JUVENTUDES"},"content":{"rendered":"<p>A tres a\u00f1os de su apertura, la gesti\u00f3n del intendente Mart\u00edn Perez reafirma su compromiso con el crecimiento de este espacio, reivindic\u00e1ndolo como un punto de encuentro, contenci\u00f3n y oportunidades para las y los j\u00f3venes. Cientos de chicos y chicas ya son parte de este lugar que, a\u00f1o tras a\u00f1o, suma propuestas.<\/p>\n<p>El Espacio Joven de zona sur festej\u00f3 su tercer aniversario con un encuentro que reuni\u00f3 a quienes forman parte de este lugar desde sus inicios y a quienes se fueron sumando a lo largo de estos a\u00f1os.<\/p>\n<p>La construcci\u00f3n de este espacio pensado para las juventudes fue a partir de una decisi\u00f3n pol\u00edtica del intendente Mart\u00edn Perez con el fin de consolidar pol\u00edticas de acompa\u00f1amiento y contenci\u00f3n. Desde su apertura en 2023, Espacio Joven de zona sur se ha convertido en un punto de referencia para los y las j\u00f3venes donde encuentran oportunidades formativas, propuestas recreativas y un lugar de pertenencia.<\/p>\n<p>Los festejos, que reunieron a juventudes y sus familiares, fueron acompa\u00f1ados por el secretario de Gesti\u00f3n Ciudadana, Gonzalo Ferro, quien destac\u00f3 \u201cla decisi\u00f3n pol\u00edtica del intendente Mart\u00edn Perez de invertir en infraestructura pensada para las juventudes, consolidando un espacio que hoy es referencia en la zona sur de la ciudad\u201d.<\/p>\n<p>En esa l\u00ednea, se\u00f1al\u00f3 que \u201ceste Espacio Joven no es s\u00f3lo un edificio, significa una pol\u00edtica p\u00fablica sostenida en el tiempo que fortalece la prevenci\u00f3n, la contenci\u00f3n y la formaci\u00f3n, generando oportunidades reales para que las y los j\u00f3venes proyecten su futuro en R\u00edo Grande\u201d.<\/p>\n<p>A su vez, remarc\u00f3 que \u201ceste modelo de gesti\u00f3n, con presencia territorial y planificaci\u00f3n a largo plazo, nos permiti\u00f3 ampliar la red de Espacio J\u00f3venes en la ciudad, reafirmando el compromiso de continuar consolidando una comunidad m\u00e1s integrada y con oportunidades\u201d.<\/p>\n<p>Por su parte, la subsecretaria de Participaci\u00f3n Ciudadana, D\u00e9bora Galichini, destac\u00f3 que \u201cestamos muy contentos porque las juventudes se apropiaron de este lugar como su casa, la cuidan como tal y por eso seguimos creciendo\u201d. En ese sentido, se\u00f1al\u00f3 que \u201ccada d\u00eda somos m\u00e1s y estamos muy felices de ver todo lo que se ha construido en estos 3 a\u00f1os\u201d.<\/p>\n<p>Durante el encuentro se anunci\u00f3 la pr\u00f3xima apertura de nuevos talleres que comenzar\u00e1n a mediados de marzo, \u201cuna noticia que fue recibida con entusiasmo por las y los j\u00f3venes, quienes esperan con ansias el inicio de las propuestas\u201d, afirm\u00f3 la funcionaria.<\/p>\n<p>A lo largo de este tiempo, el Espacio Joven ha permitido complementar y fortalecer m\u00faltiples acciones en la zona sur de la ciudad, generando oportunidades y consolidando una comunidad activa y comprometida. El aniversario fue la reafirmaci\u00f3n de una ciudad que sigue creciendo junto a las juventudes y familias de R\u00edo Grande.<\/p>\n<p><img loading=\"lazy\" decoding=\"async\" class=\"alignnone size-medium wp-image-67885\" src=\"https:\/\/hablemosclarotdf.com.ar\/wp-content\/uploads\/2026\/02\/photo_2026-02-26_16-34-22-300x200.jpg\" alt=\"\" width=\"300\" height=\"200\" srcset=\"https:\/\/hablemosclarotdf.com.ar\/wp-content\/uploads\/2026\/02\/photo_2026-02-26_16-34-22-300x200.jpg 300w, https:\/\/hablemosclarotdf.com.ar\/wp-content\/uploads\/2026\/02\/photo_2026-02-26_16-34-22-1024x682.jpg 1024w, https:\/\/hablemosclarotdf.com.ar\/wp-content\/uploads\/2026\/02\/photo_2026-02-26_16-34-22-768x511.jpg 768w, https:\/\/hablemosclarotdf.com.ar\/wp-content\/uploads\/2026\/02\/photo_2026-02-26_16-34-22.jpg 1280w\" sizes=\"auto, (max-width: 300px) 100vw, 300px\" \/><\/p>\n","protected":false},"excerpt":{"rendered":"<p>A tres a\u00f1os de su apertura, la gesti\u00f3n del intendente Mart\u00edn Perez reafirma su compromiso&#8230;<\/p>\n","protected":false},"author":1,"featured_media":67884,"comment_status":"closed","ping_status":"closed","sticky":false,"template":"","format":"standard","meta":{"footnotes":""},"categories":[3],"tags":[],"class_list":["post-67883","post","type-post","status-publish","format-standard","has-post-thumbnail","hentry","category-noticias"],"jetpack_featured_media_url":"https:\/\/hablemosclarotdf.com.ar\/wp-content\/uploads\/2026\/02\/photo_2026-02-26_16-34-03.jpg","_links":{"self":[{"href":"https:\/\/hablemosclarotdf.com.ar\/index.php?rest_route=\/wp\/v2\/posts\/67883","targetHints":{"allow":["GET"]}}],"collection":[{"href":"https:\/\/hablemosclarotdf.com.ar\/index.php?rest_route=\/wp\/v2\/posts"}],"about":[{"href":"https:\/\/hablemosclarotdf.com.ar\/index.php?rest_route=\/wp\/v2\/types\/post"}],"author":[{"embeddable":true,"href":"https:\/\/hablemosclarotdf.com.ar\/index.php?rest_route=\/wp\/v2\/users\/1"}],"replies":[{"embeddable":true,"href":"https:\/\/hablemosclarotdf.com.ar\/index.php?rest_route=%2Fwp%2Fv2%2Fcomments&post=67883"}],"version-history":[{"count":1,"href":"https:\/\/hablemosclarotdf.com.ar\/index.php?rest_route=\/wp\/v2\/posts\/67883\/revisions"}],"predecessor-version":[{"id":67886,"href":"https:\/\/hablemosclarotdf.com.ar\/index.php?rest_route=\/wp\/v2\/posts\/67883\/revisions\/67886"}],"wp:featuredmedia":[{"embeddable":true,"href":"https:\/\/hablemosclarotdf.com.ar\/index.php?rest_route=\/wp\/v2\/media\/67884"}],"wp:attachment":[{"href":"https:\/\/hablemosclarotdf.com.ar\/index.php?rest_route=%2Fwp%2Fv2%2Fmedia&parent=67883"}],"wp:term":[{"taxonomy":"category","embeddable":true,"href":"https:\/\/hablemosclarotdf.com.ar\/index.php?rest_route=%2Fwp%2Fv2%2Fcategories&post=67883"},{"taxonomy":"post_tag","embeddable":true,"href":"https:\/\/hablemosclarotdf.com.ar\/index.php?rest_route=%2Fwp%2Fv2%2Ftags&post=67883"}],"curies":[{"name":"wp","href":"https:\/\/api.w.org\/{rel}","templated":true}]}}