{"id":67880,"date":"2026-02-26T15:47:20","date_gmt":"2026-02-26T18:47:20","guid":{"rendered":"https:\/\/hablemosclarotdf.com.ar\/?p=67880"},"modified":"2026-02-26T15:47:20","modified_gmt":"2026-02-26T18:47:20","slug":"tierra-del-fuego-rechaza-la-postulacion-de-geoffrey-cardozo-al-novel-de-la-paz-por-afectar-la-memoria-de-malvinas","status":"publish","type":"post","link":"https:\/\/hablemosclarotdf.com.ar\/?p=67880","title":{"rendered":"TIERRA DEL FUEGO RECHAZA LA POSTULACI\u00d3N DE GEOFFREY CARDOZO AL NOVEL DE LA PAZ POR AFECTAR LA MEMORIA DE MALVINAS"},"content":{"rendered":"<p>El Secretario de Malvinas, Ant\u00e1rtida, Islas del Atl\u00e1ntico Sur y Asuntos Internacionales, Andr\u00e9s Dachary, expres\u00f3 p\u00fablicamente el rechazo categ\u00f3rico del Gobierno provincial a la decisi\u00f3n de la Universidad Nacional de Mar del Plata de persistir en la postulaci\u00f3n del ex militar brit\u00e1nico Geoffrey Cardozo al Premio Nobel de la Paz.<\/p>\n<p>La posici\u00f3n fue formalizada mediante nota dirigida a la Rectora de esa Casa de Estudios, C.P. M\u00f3nica Biasone, en la que se manifiesta la profunda preocupaci\u00f3n institucional ante una candidatura que, seg\u00fan se\u00f1al\u00f3 Dachary, \u201cdesconoce el contexto hist\u00f3rico, jur\u00eddico y pol\u00edtico de la Cuesti\u00f3n de las Islas Malvinas y afecta la memoria de quienes dieron su vida por la Patria\u201d.<\/p>\n<p>\u201cEl accionar del se\u00f1or Cardozo no puede analizarse como un gesto individual de altruismo, sino como el cumplimiento de \u00f3rdenes del Ministerio de Defensa brit\u00e1nico en el marco de una ocupaci\u00f3n ileg\u00edtima. Pretender descontextualizar esos hechos implica diluir responsabilidades estatales y relativizar la dimensi\u00f3n colonial del conflicto\u201d, sostuvo el Secretario.<\/p>\n<p>Cabe destacar que el pronunciamiento del gobierno provincial cuenta con el acompa\u00f1amiento de los Presidentes de los Centros de Veteranos de Guerra de Malvinas de Ushuaia y R\u00edo Grande, quienes adhirieron a la presentaci\u00f3n en representaci\u00f3n de los excombatientes de la Provincia.<\/p>\n<p>En ese sentido, Dachary subray\u00f3 que avanzar en una candidatura de esta naturaleza sin un \u00e1mbito de di\u00e1logo y consenso con veteranos y familiares constituye \u201cuna decisi\u00f3n institucional imprudente, que lesiona consensos b\u00e1sicos de la pol\u00edtica de Estado en torno a la Causa Malvinas\u201d.<\/p>\n<p>Finalmente, el Secretario advirti\u00f3 sobre el riesgo de \u201cdesnaturalizar el reclamo soberano argentino bajo discursos de reconciliaci\u00f3n que terminan equiparando a la fuerza ocupante con quienes defendieron el territorio nacional\u201d. Y concluy\u00f3 que \u201cLa paz no puede convertirse en un r\u00f3tulo que legitime el statu quo de una ocupaci\u00f3n colonial. La memoria y la soberan\u00eda no son negociables\u201d.<\/p>\n","protected":false},"excerpt":{"rendered":"<p>El Secretario de Malvinas, Ant\u00e1rtida, Islas del Atl\u00e1ntico Sur y Asuntos Internacionales, Andr\u00e9s Dachary, expres\u00f3&#8230;<\/p>\n","protected":false},"author":1,"featured_media":67881,"comment_status":"closed","ping_status":"closed","sticky":false,"template":"","format":"standard","meta":{"footnotes":""},"categories":[3],"tags":[],"class_list":["post-67880","post","type-post","status-publish","format-standard","has-post-thumbnail","hentry","category-noticias"],"jetpack_featured_media_url":"https:\/\/hablemosclarotdf.com.ar\/wp-content\/uploads\/2026\/02\/photo_2026-02-26_15-46-54.jpg","_links":{"self":[{"href":"https:\/\/hablemosclarotdf.com.ar\/index.php?rest_route=\/wp\/v2\/posts\/67880","targetHints":{"allow":["GET"]}}],"collection":[{"href":"https:\/\/hablemosclarotdf.com.ar\/index.php?rest_route=\/wp\/v2\/posts"}],"about":[{"href":"https:\/\/hablemosclarotdf.com.ar\/index.php?rest_route=\/wp\/v2\/types\/post"}],"author":[{"embeddable":true,"href":"https:\/\/hablemosclarotdf.com.ar\/index.php?rest_route=\/wp\/v2\/users\/1"}],"replies":[{"embeddable":true,"href":"https:\/\/hablemosclarotdf.com.ar\/index.php?rest_route=%2Fwp%2Fv2%2Fcomments&post=67880"}],"version-history":[{"count":1,"href":"https:\/\/hablemosclarotdf.com.ar\/index.php?rest_route=\/wp\/v2\/posts\/67880\/revisions"}],"predecessor-version":[{"id":67882,"href":"https:\/\/hablemosclarotdf.com.ar\/index.php?rest_route=\/wp\/v2\/posts\/67880\/revisions\/67882"}],"wp:featuredmedia":[{"embeddable":true,"href":"https:\/\/hablemosclarotdf.com.ar\/index.php?rest_route=\/wp\/v2\/media\/67881"}],"wp:attachment":[{"href":"https:\/\/hablemosclarotdf.com.ar\/index.php?rest_route=%2Fwp%2Fv2%2Fmedia&parent=67880"}],"wp:term":[{"taxonomy":"category","embeddable":true,"href":"https:\/\/hablemosclarotdf.com.ar\/index.php?rest_route=%2Fwp%2Fv2%2Fcategories&post=67880"},{"taxonomy":"post_tag","embeddable":true,"href":"https:\/\/hablemosclarotdf.com.ar\/index.php?rest_route=%2Fwp%2Fv2%2Ftags&post=67880"}],"curies":[{"name":"wp","href":"https:\/\/api.w.org\/{rel}","templated":true}]}}