{"id":67877,"date":"2026-02-26T15:45:13","date_gmt":"2026-02-26T18:45:13","guid":{"rendered":"https:\/\/hablemosclarotdf.com.ar\/?p=67877"},"modified":"2026-02-26T15:45:13","modified_gmt":"2026-02-26T18:45:13","slug":"rio-grande-se-encuentra-abierta-la-convocatoria-para-la-muestra-fotografica-hacedoras-de-lo-cotidiano","status":"publish","type":"post","link":"https:\/\/hablemosclarotdf.com.ar\/?p=67877","title":{"rendered":"RIO GRANDE : SE ENCUENTRA ABIERTA LA CONVOCATORIA PARA LA MUESTRA FOTOGR\u00c1FICA \u201cHACEDORAS DE LO COTIDIANO\u201d"},"content":{"rendered":"<p>El Municipio de R\u00edo Grande, a trav\u00e9s de la Secretar\u00eda de G\u00e9nero y Desarrollo Comunitario, en el marco del D\u00eda de la Mujer Trabajadora, informa que se encuentra abierta la convocatoria para participar de la muestra fotogr\u00e1fica \u201cHacedoras de lo cotidiano\u201d: una mirada sobre mujeres que trabajan y construyen comunidad.<\/p>\n<p>La iniciativa invita a personas que se expresan a trav\u00e9s de la fotograf\u00eda en nuestra ciudad a enviar im\u00e1genes que retraten a mujeres en sus espacios laborales, oficios y tareas cotidianas, poniendo en valor su rol en el desarrollo social, econ\u00f3mico y comunitario de R\u00edo Grande.<\/p>\n<p>Las inscripciones estar\u00e1n abiertas hasta el 5 de marzo inclusive. Quienes deseen participar deber\u00e1n enviar el material junto a sus datos personales al correo electr\u00f3nico: centrointegraldelamujerrga@gmail.com. Las obras podr\u00e1n presentarse en modalidad impresa o digital.<\/p>\n<p>Cabe destacar que, la muestra se realizar\u00e1 el pr\u00f3ximo 7 de marzo en el Centro Cultural Alem, en el marco de las actividades conmemorativas del 8M, generando un espacio de encuentro, reflexi\u00f3n y reconocimiento colectivo.<\/p>\n<p>De esta manera, el Municipio reafirma su compromiso con la construcci\u00f3n de una ciudad m\u00e1s justa e igualitaria, entendiendo que visibilizar el trabajo de las mujeres tambi\u00e9n es construir igualdad.<\/p>\n","protected":false},"excerpt":{"rendered":"<p>El Municipio de R\u00edo Grande, a trav\u00e9s de la Secretar\u00eda de G\u00e9nero y Desarrollo Comunitario,&#8230;<\/p>\n","protected":false},"author":1,"featured_media":67878,"comment_status":"closed","ping_status":"closed","sticky":false,"template":"","format":"standard","meta":{"footnotes":""},"categories":[3],"tags":[],"class_list":["post-67877","post","type-post","status-publish","format-standard","has-post-thumbnail","hentry","category-noticias"],"jetpack_featured_media_url":"https:\/\/hablemosclarotdf.com.ar\/wp-content\/uploads\/2026\/02\/photo_2026-02-26_15-44-52.jpg","_links":{"self":[{"href":"https:\/\/hablemosclarotdf.com.ar\/index.php?rest_route=\/wp\/v2\/posts\/67877","targetHints":{"allow":["GET"]}}],"collection":[{"href":"https:\/\/hablemosclarotdf.com.ar\/index.php?rest_route=\/wp\/v2\/posts"}],"about":[{"href":"https:\/\/hablemosclarotdf.com.ar\/index.php?rest_route=\/wp\/v2\/types\/post"}],"author":[{"embeddable":true,"href":"https:\/\/hablemosclarotdf.com.ar\/index.php?rest_route=\/wp\/v2\/users\/1"}],"replies":[{"embeddable":true,"href":"https:\/\/hablemosclarotdf.com.ar\/index.php?rest_route=%2Fwp%2Fv2%2Fcomments&post=67877"}],"version-history":[{"count":1,"href":"https:\/\/hablemosclarotdf.com.ar\/index.php?rest_route=\/wp\/v2\/posts\/67877\/revisions"}],"predecessor-version":[{"id":67879,"href":"https:\/\/hablemosclarotdf.com.ar\/index.php?rest_route=\/wp\/v2\/posts\/67877\/revisions\/67879"}],"wp:featuredmedia":[{"embeddable":true,"href":"https:\/\/hablemosclarotdf.com.ar\/index.php?rest_route=\/wp\/v2\/media\/67878"}],"wp:attachment":[{"href":"https:\/\/hablemosclarotdf.com.ar\/index.php?rest_route=%2Fwp%2Fv2%2Fmedia&parent=67877"}],"wp:term":[{"taxonomy":"category","embeddable":true,"href":"https:\/\/hablemosclarotdf.com.ar\/index.php?rest_route=%2Fwp%2Fv2%2Fcategories&post=67877"},{"taxonomy":"post_tag","embeddable":true,"href":"https:\/\/hablemosclarotdf.com.ar\/index.php?rest_route=%2Fwp%2Fv2%2Ftags&post=67877"}],"curies":[{"name":"wp","href":"https:\/\/api.w.org\/{rel}","templated":true}]}}