{"id":67850,"date":"2026-02-26T10:23:04","date_gmt":"2026-02-26T13:23:04","guid":{"rendered":"https:\/\/hablemosclarotdf.com.ar\/?p=67850"},"modified":"2026-02-26T10:23:04","modified_gmt":"2026-02-26T13:23:04","slug":"avanza-la-cooperacion-argentino-chilena-para-fortalecer-la-respuesta-ante-sismos-y-tsunamis-en-la-region-austral","status":"publish","type":"post","link":"https:\/\/hablemosclarotdf.com.ar\/?p=67850","title":{"rendered":"AVANZA LA COOPERACI\u00d3N ARGENTINO\u2013CHILENA PARA FORTALECER LA RESPUESTA ANTE SISMOS Y TSUNAMIS EN LA REGI\u00d3N AUSTRAL"},"content":{"rendered":"<p>La Provincia de Tierra del Fuego, Ant\u00e1rtida e Islas del Atl\u00e1ntico Sur particip\u00f3 en la misi\u00f3n t\u00e9cnica realizada en la ciudad de Punta Arenas, en el marco del proyecto binacional \u201cZona Austral Resiliente\u201d, una iniciativa orientada al fortalecimiento de las capacidades de prevenci\u00f3n, preparaci\u00f3n y respuesta ante emergencias s\u00edsmicas y tsunamis en la regi\u00f3n austral.<\/p>\n<p>El proyecto fue seleccionado como uno de los siete proyectos aprobados en el marco de la Convocatoria para la Presentaci\u00f3n de Proyectos de Cooperaci\u00f3n Descentralizada Argentina\u2013Chile 2025, impulsada por la Direcci\u00f3n Nacional de Cooperaci\u00f3n Internacional (DNCIN) del Ministerio de Relaciones Exteriores, Comercio Internacional y Culto de la Rep\u00fablica Argentina y por la Agencia Chilena de Cooperaci\u00f3n Internacional para el Desarrollo (AGCID) del Ministerio de Relaciones Exteriores de Chile.<\/p>\n<p>La misi\u00f3n cont\u00f3 con la participaci\u00f3n de autoridades y equipos t\u00e9cnicos de la Secretar\u00eda de Protecci\u00f3n Civil de la Provincia y del Servicio Nacional de Prevenci\u00f3n y Respuesta ante Desastres (SENAPRED) de la Regi\u00f3n de Magallanes, junto a la Secretar\u00eda de Malvinas, Ant\u00e1rtida, Islas del Atl\u00e1ntico Sur y Asuntos Internacionales.<\/p>\n<p>La jornada de trabajo cont\u00f3 con la participaci\u00f3n de m\u00e1s de 60 integrantes del Sistema Nacional de Prevenci\u00f3n y Respuesta ante Desastres (SINAPRED) de la Regi\u00f3n de Magallanes, incluyendo autoridades, equipos t\u00e9cnicos y organismos operativos vinculados al sistema de emergencias. En ese marco, se desarroll\u00f3 una instancia de trabajo intensivo orientada al intercambio de experiencias, revisi\u00f3n de protocolos y articulaci\u00f3n de capacidades, consolidando un espacio de coordinaci\u00f3n efectiva en el marco del programa \u201cZona Austral Resiliente\u201d.<\/p>\n<p>El secretario de Malvinas, Ant\u00e1rtida, Islas del Atl\u00e1ntico Sur y Asuntos Internacionales, Andr\u00e9s Dachary, destac\u00f3 que \u201ceste proyecto potencia la cooperaci\u00f3n internacional y se traduce en capacidades concretas para cuidar a nuestra poblaci\u00f3n. Vivimos en una zona s\u00edsmica y debemos asumir esa realidad con planificaci\u00f3n, articulaci\u00f3n t\u00e9cnica y presencia del Estado\u201d. Asimismo, sostuvo que \u201cZona Austral Resiliente es una herramienta estrat\u00e9gica que permite armonizar criterios, compartir buenas pr\u00e1cticas y consolidar una agenda binacional en materia de gesti\u00f3n del riesgo de desastres\u201d.<\/p>\n<p>El secretario de Protecci\u00f3n Civil, Pedro Franco, se\u00f1al\u00f3 que \u201ceste trabajo conjunto con SENAPRED Magallanes fortalece nuestras capacidades operativas y nos permite armonizar criterios, protocolos y mecanismos de respuesta. En una regi\u00f3n s\u00edsmica como la austral, la coordinaci\u00f3n binacional es una herramienta clave para anticipar escenarios y actuar con mayor eficacia\u201d.<\/p>\n<p>Con esta iniciativa, el Gobierno de la Provincia reafirma su compromiso con una pol\u00edtica activa de cooperaci\u00f3n internacional orientada a generar impacto directo en la seguridad, la planificaci\u00f3n territorial y el bienestar de las y los fueguinos.<\/p>\n<p><img loading=\"lazy\" decoding=\"async\" class=\"alignnone size-medium wp-image-67852\" src=\"https:\/\/hablemosclarotdf.com.ar\/wp-content\/uploads\/2026\/02\/photo_2026-02-26_10-20-24-300x197.jpg\" alt=\"\" width=\"300\" height=\"197\" srcset=\"https:\/\/hablemosclarotdf.com.ar\/wp-content\/uploads\/2026\/02\/photo_2026-02-26_10-20-24-300x197.jpg 300w, https:\/\/hablemosclarotdf.com.ar\/wp-content\/uploads\/2026\/02\/photo_2026-02-26_10-20-24-1024x674.jpg 1024w, https:\/\/hablemosclarotdf.com.ar\/wp-content\/uploads\/2026\/02\/photo_2026-02-26_10-20-24-768x505.jpg 768w, https:\/\/hablemosclarotdf.com.ar\/wp-content\/uploads\/2026\/02\/photo_2026-02-26_10-20-24.jpg 1280w\" sizes=\"auto, (max-width: 300px) 100vw, 300px\" \/> <img loading=\"lazy\" decoding=\"async\" class=\"alignnone size-medium wp-image-67853\" src=\"https:\/\/hablemosclarotdf.com.ar\/wp-content\/uploads\/2026\/02\/photo_2026-02-26_10-20-29-300x200.jpg\" alt=\"\" width=\"300\" height=\"200\" srcset=\"https:\/\/hablemosclarotdf.com.ar\/wp-content\/uploads\/2026\/02\/photo_2026-02-26_10-20-29-300x200.jpg 300w, https:\/\/hablemosclarotdf.com.ar\/wp-content\/uploads\/2026\/02\/photo_2026-02-26_10-20-29-1024x684.jpg 1024w, https:\/\/hablemosclarotdf.com.ar\/wp-content\/uploads\/2026\/02\/photo_2026-02-26_10-20-29-768x513.jpg 768w, https:\/\/hablemosclarotdf.com.ar\/wp-content\/uploads\/2026\/02\/photo_2026-02-26_10-20-29.jpg 1280w\" sizes=\"auto, (max-width: 300px) 100vw, 300px\" \/> <img loading=\"lazy\" decoding=\"async\" class=\"alignnone size-medium wp-image-67854\" src=\"https:\/\/hablemosclarotdf.com.ar\/wp-content\/uploads\/2026\/02\/photo_2026-02-26_10-20-37-300x199.jpg\" alt=\"\" width=\"300\" height=\"199\" srcset=\"https:\/\/hablemosclarotdf.com.ar\/wp-content\/uploads\/2026\/02\/photo_2026-02-26_10-20-37-300x199.jpg 300w, https:\/\/hablemosclarotdf.com.ar\/wp-content\/uploads\/2026\/02\/photo_2026-02-26_10-20-37-1024x679.jpg 1024w, https:\/\/hablemosclarotdf.com.ar\/wp-content\/uploads\/2026\/02\/photo_2026-02-26_10-20-37-768x509.jpg 768w, https:\/\/hablemosclarotdf.com.ar\/wp-content\/uploads\/2026\/02\/photo_2026-02-26_10-20-37.jpg 1280w\" sizes=\"auto, (max-width: 300px) 100vw, 300px\" \/> <img loading=\"lazy\" decoding=\"async\" class=\"alignnone size-medium wp-image-67855\" src=\"https:\/\/hablemosclarotdf.com.ar\/wp-content\/uploads\/2026\/02\/photo_2026-02-26_10-20-41-300x203.jpg\" alt=\"\" width=\"300\" height=\"203\" srcset=\"https:\/\/hablemosclarotdf.com.ar\/wp-content\/uploads\/2026\/02\/photo_2026-02-26_10-20-41-300x203.jpg 300w, https:\/\/hablemosclarotdf.com.ar\/wp-content\/uploads\/2026\/02\/photo_2026-02-26_10-20-41-1024x692.jpg 1024w, https:\/\/hablemosclarotdf.com.ar\/wp-content\/uploads\/2026\/02\/photo_2026-02-26_10-20-41-768x519.jpg 768w, https:\/\/hablemosclarotdf.com.ar\/wp-content\/uploads\/2026\/02\/photo_2026-02-26_10-20-41.jpg 1280w\" sizes=\"auto, (max-width: 300px) 100vw, 300px\" \/> <img loading=\"lazy\" decoding=\"async\" class=\"alignnone size-medium wp-image-67856\" src=\"https:\/\/hablemosclarotdf.com.ar\/wp-content\/uploads\/2026\/02\/photo_2026-02-26_10-20-46-300x199.jpg\" alt=\"\" width=\"300\" height=\"199\" srcset=\"https:\/\/hablemosclarotdf.com.ar\/wp-content\/uploads\/2026\/02\/photo_2026-02-26_10-20-46-300x199.jpg 300w, https:\/\/hablemosclarotdf.com.ar\/wp-content\/uploads\/2026\/02\/photo_2026-02-26_10-20-46-1024x680.jpg 1024w, https:\/\/hablemosclarotdf.com.ar\/wp-content\/uploads\/2026\/02\/photo_2026-02-26_10-20-46-768x510.jpg 768w, https:\/\/hablemosclarotdf.com.ar\/wp-content\/uploads\/2026\/02\/photo_2026-02-26_10-20-46.jpg 1280w\" sizes=\"auto, (max-width: 300px) 100vw, 300px\" \/> <img loading=\"lazy\" decoding=\"async\" class=\"alignnone size-medium wp-image-67857\" src=\"https:\/\/hablemosclarotdf.com.ar\/wp-content\/uploads\/2026\/02\/photo_2026-02-26_10-21-05-300x196.jpg\" alt=\"\" width=\"300\" height=\"196\" srcset=\"https:\/\/hablemosclarotdf.com.ar\/wp-content\/uploads\/2026\/02\/photo_2026-02-26_10-21-05-300x196.jpg 300w, https:\/\/hablemosclarotdf.com.ar\/wp-content\/uploads\/2026\/02\/photo_2026-02-26_10-21-05-1024x670.jpg 1024w, https:\/\/hablemosclarotdf.com.ar\/wp-content\/uploads\/2026\/02\/photo_2026-02-26_10-21-05-768x502.jpg 768w, https:\/\/hablemosclarotdf.com.ar\/wp-content\/uploads\/2026\/02\/photo_2026-02-26_10-21-05.jpg 1280w\" sizes=\"auto, (max-width: 300px) 100vw, 300px\" \/> <img loading=\"lazy\" decoding=\"async\" class=\"alignnone size-medium wp-image-67858\" src=\"https:\/\/hablemosclarotdf.com.ar\/wp-content\/uploads\/2026\/02\/photo_2026-02-26_10-21-09-300x196.jpg\" alt=\"\" width=\"300\" height=\"196\" srcset=\"https:\/\/hablemosclarotdf.com.ar\/wp-content\/uploads\/2026\/02\/photo_2026-02-26_10-21-09-300x196.jpg 300w, https:\/\/hablemosclarotdf.com.ar\/wp-content\/uploads\/2026\/02\/photo_2026-02-26_10-21-09-1024x670.jpg 1024w, https:\/\/hablemosclarotdf.com.ar\/wp-content\/uploads\/2026\/02\/photo_2026-02-26_10-21-09-768x502.jpg 768w, https:\/\/hablemosclarotdf.com.ar\/wp-content\/uploads\/2026\/02\/photo_2026-02-26_10-21-09.jpg 1280w\" sizes=\"auto, (max-width: 300px) 100vw, 300px\" \/> <img loading=\"lazy\" decoding=\"async\" class=\"alignnone size-medium wp-image-67859\" src=\"https:\/\/hablemosclarotdf.com.ar\/wp-content\/uploads\/2026\/02\/photo_2026-02-26_10-21-14-300x202.jpg\" alt=\"\" width=\"300\" height=\"202\" srcset=\"https:\/\/hablemosclarotdf.com.ar\/wp-content\/uploads\/2026\/02\/photo_2026-02-26_10-21-14-300x202.jpg 300w, https:\/\/hablemosclarotdf.com.ar\/wp-content\/uploads\/2026\/02\/photo_2026-02-26_10-21-14-1024x690.jpg 1024w, https:\/\/hablemosclarotdf.com.ar\/wp-content\/uploads\/2026\/02\/photo_2026-02-26_10-21-14-768x517.jpg 768w, https:\/\/hablemosclarotdf.com.ar\/wp-content\/uploads\/2026\/02\/photo_2026-02-26_10-21-14.jpg 1280w\" sizes=\"auto, (max-width: 300px) 100vw, 300px\" \/> <img loading=\"lazy\" decoding=\"async\" class=\"alignnone size-medium wp-image-67860\" src=\"https:\/\/hablemosclarotdf.com.ar\/wp-content\/uploads\/2026\/02\/photo_2026-02-26_10-21-20-300x200.jpg\" alt=\"\" width=\"300\" height=\"200\" srcset=\"https:\/\/hablemosclarotdf.com.ar\/wp-content\/uploads\/2026\/02\/photo_2026-02-26_10-21-20-300x200.jpg 300w, https:\/\/hablemosclarotdf.com.ar\/wp-content\/uploads\/2026\/02\/photo_2026-02-26_10-21-20-1024x683.jpg 1024w, https:\/\/hablemosclarotdf.com.ar\/wp-content\/uploads\/2026\/02\/photo_2026-02-26_10-21-20-768x512.jpg 768w, https:\/\/hablemosclarotdf.com.ar\/wp-content\/uploads\/2026\/02\/photo_2026-02-26_10-21-20.jpg 1280w\" sizes=\"auto, (max-width: 300px) 100vw, 300px\" \/><\/p>\n","protected":false},"excerpt":{"rendered":"<p>La Provincia de Tierra del Fuego, Ant\u00e1rtida e Islas del Atl\u00e1ntico Sur particip\u00f3 en la&#8230;<\/p>\n","protected":false},"author":1,"featured_media":67851,"comment_status":"closed","ping_status":"closed","sticky":false,"template":"","format":"standard","meta":{"footnotes":""},"categories":[3],"tags":[],"class_list":["post-67850","post","type-post","status-publish","format-standard","has-post-thumbnail","hentry","category-noticias"],"jetpack_featured_media_url":"https:\/\/hablemosclarotdf.com.ar\/wp-content\/uploads\/2026\/02\/photo_2026-02-26_10-20-33.jpg","_links":{"self":[{"href":"https:\/\/hablemosclarotdf.com.ar\/index.php?rest_route=\/wp\/v2\/posts\/67850","targetHints":{"allow":["GET"]}}],"collection":[{"href":"https:\/\/hablemosclarotdf.com.ar\/index.php?rest_route=\/wp\/v2\/posts"}],"about":[{"href":"https:\/\/hablemosclarotdf.com.ar\/index.php?rest_route=\/wp\/v2\/types\/post"}],"author":[{"embeddable":true,"href":"https:\/\/hablemosclarotdf.com.ar\/index.php?rest_route=\/wp\/v2\/users\/1"}],"replies":[{"embeddable":true,"href":"https:\/\/hablemosclarotdf.com.ar\/index.php?rest_route=%2Fwp%2Fv2%2Fcomments&post=67850"}],"version-history":[{"count":1,"href":"https:\/\/hablemosclarotdf.com.ar\/index.php?rest_route=\/wp\/v2\/posts\/67850\/revisions"}],"predecessor-version":[{"id":67861,"href":"https:\/\/hablemosclarotdf.com.ar\/index.php?rest_route=\/wp\/v2\/posts\/67850\/revisions\/67861"}],"wp:featuredmedia":[{"embeddable":true,"href":"https:\/\/hablemosclarotdf.com.ar\/index.php?rest_route=\/wp\/v2\/media\/67851"}],"wp:attachment":[{"href":"https:\/\/hablemosclarotdf.com.ar\/index.php?rest_route=%2Fwp%2Fv2%2Fmedia&parent=67850"}],"wp:term":[{"taxonomy":"category","embeddable":true,"href":"https:\/\/hablemosclarotdf.com.ar\/index.php?rest_route=%2Fwp%2Fv2%2Fcategories&post=67850"},{"taxonomy":"post_tag","embeddable":true,"href":"https:\/\/hablemosclarotdf.com.ar\/index.php?rest_route=%2Fwp%2Fv2%2Ftags&post=67850"}],"curies":[{"name":"wp","href":"https:\/\/api.w.org\/{rel}","templated":true}]}}