{"id":67809,"date":"2026-02-25T19:16:44","date_gmt":"2026-02-25T22:16:44","guid":{"rendered":"https:\/\/hablemosclarotdf.com.ar\/?p=67809"},"modified":"2026-02-25T19:16:44","modified_gmt":"2026-02-25T22:16:44","slug":"el-ministerio-de-educacion-informa-sobre-la-asignacion-de-vacantes-y-el-inicio-de-tramites-de-pase-para-secundaria","status":"publish","type":"post","link":"https:\/\/hablemosclarotdf.com.ar\/?p=67809","title":{"rendered":"EL MINISTERIO DE EDUCACI\u00d3N INFORMA SOBRE LA ASIGNACI\u00d3N DE VACANTES Y EL INICIO DE TR\u00c1MITES DE PASE PARA SECUNDARIA"},"content":{"rendered":"<p>El Ministerio de Educaci\u00f3n informa sobre las vacantes para el nivel secundario y los pasos a seguir para las familias que a\u00fan requieren la asignaci\u00f3n de vacante o el tr\u00e1mite de pase institucional.<\/p>\n<p>Tras la preinscripci\u00f3n realizada en diciembre, se llev\u00f3 adelante el sorteo de vacantes en instituciones de la provincia, bajo una modalidad de control de documentaci\u00f3n y elecci\u00f3n presencial por parte de las familias.<\/p>\n<p>En total, se asignaron 201 vacantes en R\u00edo Grande y 150 en Ushuaia, garantizando el inicio del trayecto escolar para j\u00f3venes ingresantes al 1\u00b0 a\u00f1o de la secundaria.<\/p>\n<p>Para aquellas familias que aspiran a instituciones que actualmente no cuentan con cupos para el 1\u00b0 a\u00f1o, el Ministerio informa que pueden realizar la solicitud de pases.<\/p>\n<p>Los c\u00f3digos de pase comenzar\u00e1n a tramitarse a partir del 10 de marzo, una vez que las instituciones finalicen sus per\u00edodos complementarios (27 de febrero) y definan sus secciones finales.<\/p>\n<p>Durante la primera quincena de marzo se conformar\u00e1n las bases de datos y se confeccionar\u00e1 las listas de espera, dando prioridad absoluta a estudiantes que a\u00fan no cuentan con ninguna vacante, por ejemplo, familias reci\u00e9n llegadas a la provincia o quienes no hayan podido acceder a la primera inscripci\u00f3n por casos de salud o circunstancias familiares, ya que la prioridad es la escolarizaci\u00f3n.<\/p>\n<p>Mientras se termina de regularizar la situaci\u00f3n administrativa, los estudiantes ingresantes a 1\u00b0 a\u00f1o, han comenzado con la Semana de Sensibilizaci\u00f3n, una propuesta de adaptaci\u00f3n dise\u00f1ada para facilitar el tr\u00e1nsito desde el nivel primario al secundario.<\/p>\n<p>En tanto para los estudiantes de 2\u00b0 a\u00f1o en adelante, a partir del 15 de marzo se comenzar\u00e1 con los llamados de aquellos que realizaron su solicitud de pase, respetando estrictamente el orden de la lista y la disponibilidad de vacantes que surja tras el reordenamiento de cada Colegio.<\/p>\n<p>Aquellas familias que a\u00fan no cuentan con una vacante asignada para 1\u00b0 a\u00f1o, deben acercarse de manera presencial con DNI y certificado de finalizaci\u00f3n de 6\u00b0 grado del primario a las siguientes oficinas:<\/p>\n<p>R\u00edo Grande: Oficina Supervisi\u00f3n de Nivel Secundario (Thorne 1949), de lunes a viernes de 9:00 a 13:00 horas. Para solicitar el pase (R\u00edo Grande\/Tolhuin), a trav\u00e9s del link https:\/\/goo.su\/FGR269z<\/p>\n<p>Ushuaia: Lasserre 633, de 8:00 a 15:00 horas, o v\u00eda correo electr\u00f3nico para solicitar el pase: stnsecundarioush.estudiantes@tdf.edu.ar<\/p>\n<p><img loading=\"lazy\" decoding=\"async\" class=\"alignnone size-medium wp-image-67811\" src=\"https:\/\/hablemosclarotdf.com.ar\/wp-content\/uploads\/2026\/02\/photo_2026-02-25_19-14-43-300x198.jpg\" alt=\"\" width=\"300\" height=\"198\" srcset=\"https:\/\/hablemosclarotdf.com.ar\/wp-content\/uploads\/2026\/02\/photo_2026-02-25_19-14-43-300x198.jpg 300w, https:\/\/hablemosclarotdf.com.ar\/wp-content\/uploads\/2026\/02\/photo_2026-02-25_19-14-43-1024x676.jpg 1024w, https:\/\/hablemosclarotdf.com.ar\/wp-content\/uploads\/2026\/02\/photo_2026-02-25_19-14-43-768x507.jpg 768w, https:\/\/hablemosclarotdf.com.ar\/wp-content\/uploads\/2026\/02\/photo_2026-02-25_19-14-43.jpg 1280w\" sizes=\"auto, (max-width: 300px) 100vw, 300px\" \/> <img loading=\"lazy\" decoding=\"async\" class=\"alignnone size-medium wp-image-67812\" src=\"https:\/\/hablemosclarotdf.com.ar\/wp-content\/uploads\/2026\/02\/photo_2026-02-25_19-14-48-300x200.jpg\" alt=\"\" width=\"300\" height=\"200\" srcset=\"https:\/\/hablemosclarotdf.com.ar\/wp-content\/uploads\/2026\/02\/photo_2026-02-25_19-14-48-300x200.jpg 300w, https:\/\/hablemosclarotdf.com.ar\/wp-content\/uploads\/2026\/02\/photo_2026-02-25_19-14-48-1024x682.jpg 1024w, https:\/\/hablemosclarotdf.com.ar\/wp-content\/uploads\/2026\/02\/photo_2026-02-25_19-14-48-768x512.jpg 768w, https:\/\/hablemosclarotdf.com.ar\/wp-content\/uploads\/2026\/02\/photo_2026-02-25_19-14-48.jpg 1280w\" sizes=\"auto, (max-width: 300px) 100vw, 300px\" \/> <img loading=\"lazy\" decoding=\"async\" class=\"alignnone size-medium wp-image-67813\" src=\"https:\/\/hablemosclarotdf.com.ar\/wp-content\/uploads\/2026\/02\/photo_2026-02-25_19-15-01-300x198.jpg\" alt=\"\" width=\"300\" height=\"198\" srcset=\"https:\/\/hablemosclarotdf.com.ar\/wp-content\/uploads\/2026\/02\/photo_2026-02-25_19-15-01-300x198.jpg 300w, https:\/\/hablemosclarotdf.com.ar\/wp-content\/uploads\/2026\/02\/photo_2026-02-25_19-15-01-1024x676.jpg 1024w, https:\/\/hablemosclarotdf.com.ar\/wp-content\/uploads\/2026\/02\/photo_2026-02-25_19-15-01-768x507.jpg 768w, https:\/\/hablemosclarotdf.com.ar\/wp-content\/uploads\/2026\/02\/photo_2026-02-25_19-15-01.jpg 1280w\" sizes=\"auto, (max-width: 300px) 100vw, 300px\" \/> <img loading=\"lazy\" decoding=\"async\" class=\"alignnone size-medium wp-image-67814\" src=\"https:\/\/hablemosclarotdf.com.ar\/wp-content\/uploads\/2026\/02\/photo_2026-02-25_19-15-09-300x198.jpg\" alt=\"\" width=\"300\" height=\"198\" srcset=\"https:\/\/hablemosclarotdf.com.ar\/wp-content\/uploads\/2026\/02\/photo_2026-02-25_19-15-09-300x198.jpg 300w, https:\/\/hablemosclarotdf.com.ar\/wp-content\/uploads\/2026\/02\/photo_2026-02-25_19-15-09-1024x676.jpg 1024w, https:\/\/hablemosclarotdf.com.ar\/wp-content\/uploads\/2026\/02\/photo_2026-02-25_19-15-09-768x507.jpg 768w, https:\/\/hablemosclarotdf.com.ar\/wp-content\/uploads\/2026\/02\/photo_2026-02-25_19-15-09.jpg 1280w\" sizes=\"auto, (max-width: 300px) 100vw, 300px\" \/> <img loading=\"lazy\" decoding=\"async\" class=\"alignnone size-medium wp-image-67815\" src=\"https:\/\/hablemosclarotdf.com.ar\/wp-content\/uploads\/2026\/02\/photo_2026-02-25_19-15-15-300x198.jpg\" alt=\"\" width=\"300\" height=\"198\" srcset=\"https:\/\/hablemosclarotdf.com.ar\/wp-content\/uploads\/2026\/02\/photo_2026-02-25_19-15-15-300x198.jpg 300w, https:\/\/hablemosclarotdf.com.ar\/wp-content\/uploads\/2026\/02\/photo_2026-02-25_19-15-15-1024x676.jpg 1024w, https:\/\/hablemosclarotdf.com.ar\/wp-content\/uploads\/2026\/02\/photo_2026-02-25_19-15-15-768x507.jpg 768w, https:\/\/hablemosclarotdf.com.ar\/wp-content\/uploads\/2026\/02\/photo_2026-02-25_19-15-15.jpg 1280w\" sizes=\"auto, (max-width: 300px) 100vw, 300px\" \/><\/p>\n","protected":false},"excerpt":{"rendered":"<p>El Ministerio de Educaci\u00f3n informa sobre las vacantes para el nivel secundario y los pasos&#8230;<\/p>\n","protected":false},"author":1,"featured_media":67810,"comment_status":"closed","ping_status":"closed","sticky":false,"template":"","format":"standard","meta":{"footnotes":""},"categories":[3],"tags":[],"class_list":["post-67809","post","type-post","status-publish","format-standard","has-post-thumbnail","hentry","category-noticias"],"jetpack_featured_media_url":"https:\/\/hablemosclarotdf.com.ar\/wp-content\/uploads\/2026\/02\/photo_2026-02-25_19-14-38.jpg","_links":{"self":[{"href":"https:\/\/hablemosclarotdf.com.ar\/index.php?rest_route=\/wp\/v2\/posts\/67809","targetHints":{"allow":["GET"]}}],"collection":[{"href":"https:\/\/hablemosclarotdf.com.ar\/index.php?rest_route=\/wp\/v2\/posts"}],"about":[{"href":"https:\/\/hablemosclarotdf.com.ar\/index.php?rest_route=\/wp\/v2\/types\/post"}],"author":[{"embeddable":true,"href":"https:\/\/hablemosclarotdf.com.ar\/index.php?rest_route=\/wp\/v2\/users\/1"}],"replies":[{"embeddable":true,"href":"https:\/\/hablemosclarotdf.com.ar\/index.php?rest_route=%2Fwp%2Fv2%2Fcomments&post=67809"}],"version-history":[{"count":1,"href":"https:\/\/hablemosclarotdf.com.ar\/index.php?rest_route=\/wp\/v2\/posts\/67809\/revisions"}],"predecessor-version":[{"id":67816,"href":"https:\/\/hablemosclarotdf.com.ar\/index.php?rest_route=\/wp\/v2\/posts\/67809\/revisions\/67816"}],"wp:featuredmedia":[{"embeddable":true,"href":"https:\/\/hablemosclarotdf.com.ar\/index.php?rest_route=\/wp\/v2\/media\/67810"}],"wp:attachment":[{"href":"https:\/\/hablemosclarotdf.com.ar\/index.php?rest_route=%2Fwp%2Fv2%2Fmedia&parent=67809"}],"wp:term":[{"taxonomy":"category","embeddable":true,"href":"https:\/\/hablemosclarotdf.com.ar\/index.php?rest_route=%2Fwp%2Fv2%2Fcategories&post=67809"},{"taxonomy":"post_tag","embeddable":true,"href":"https:\/\/hablemosclarotdf.com.ar\/index.php?rest_route=%2Fwp%2Fv2%2Ftags&post=67809"}],"curies":[{"name":"wp","href":"https:\/\/api.w.org\/{rel}","templated":true}]}}