{"id":67802,"date":"2026-02-25T18:01:17","date_gmt":"2026-02-25T21:01:17","guid":{"rendered":"https:\/\/hablemosclarotdf.com.ar\/?p=67802"},"modified":"2026-02-25T18:01:17","modified_gmt":"2026-02-25T21:01:17","slug":"con-gran-convocatoria-se-realizo-en-rio-grande-el-campus-de-hockey-en-linea-con-un-entrenador-nacional","status":"publish","type":"post","link":"https:\/\/hablemosclarotdf.com.ar\/?p=67802","title":{"rendered":"CON GRAN CONVOCATORIA, SE REALIZ\u00d3 EN R\u00cdO GRANDE EL CAMPUS DE HOCKEY EN L\u00cdNEA CON UN ENTRENADOR NACIONAL"},"content":{"rendered":"<p>El Gimnasio de la Escuela N\u00b0 2 de la ciudad de R\u00edo Grande fue sede de un campo de entrenamiento de hockey en l\u00ednea que convoc\u00f3 a jugadores y jugadoras de toda la provincia. La actividad fue organizada por el Comit\u00e9 Nacional de Hockey en L\u00ednea en conjunto con la Federaci\u00f3n Fueguina y cont\u00f3 con el acompa\u00f1amiento de la Secretar\u00eda de Deportes de Tierra del Fuego.<\/p>\n<p>El campus estuvo a cargo de Facundo Vadra, entrenador de la Selecci\u00f3n Nacional Junior, quien gui\u00f3 los ajustes t\u00e9cnicos y t\u00e1cticos para los deportistas fueguinos. Durante las dos jornadas, participaron las categor\u00edas Sub-12, Sub-14 y Sub-18, as\u00ed como tambi\u00e9n los grupos de senior masculino y femenino, senior iniciantes, preselecci\u00f3n junior y junior desarrollo, provenientes de ambas ciudades.<\/p>\n<p>Vadra explic\u00f3 que el programa de desarrollo nacional est\u00e1 pensado para categor\u00edas menores con el objetivo de seguir impulsando la disciplina y el crecimiento de los deportistas, &#8220;con la idea de que los m\u00e1s chicos sepan de qu\u00e9 se trata ser parte de una selecci\u00f3n&#8221;. Cabe destacar que Tierra del Fuego cuenta actualmente con dos representantes en seleccionados nacionales: Lucila Soto y Adriano Mazzaferro.<\/p>\n<p>&#8220;El talento est\u00e1, el nivel ac\u00e1 es buen\u00edsimo y lo que m\u00e1s me sorprende es el volumen de jugadores, con muchos equipos y clubes que tienen todas las categor\u00edas. Eso es much\u00edsimo para un deporte no tan conocido, as\u00ed que la experiencia es enriquecedora para todos&#8221;, enfatiz\u00f3 el entrenador nacional.<\/p>\n<p>Durante las jornadas se trabaj\u00f3 en aspectos clave como entrenamiento off-ice junior, preparaci\u00f3n f\u00edsica espec\u00edfica, t\u00e9cnica individual (manejo de palo y tiro) y conceptos t\u00e1cticos, entre otros contenidos.<\/p>\n<p>En el campus estuvieron presentes la presidenta de la Federaci\u00f3n de Tierra del Fuego, Nahir Gonz\u00e1lez, y el presidente del club Dragones, Antonio Carmona, quienes acompa\u00f1aron el desarrollo de las actividades. Tambi\u00e9n se acercaron las familias de los jugadores de los clubes Vikingos y Dragones de R\u00edo Grande, y del Club Andino y \u00d1ires, ambos de la ciudad de Ushuaia<\/p>\n<p><img loading=\"lazy\" decoding=\"async\" class=\"alignnone size-medium wp-image-67804\" src=\"https:\/\/hablemosclarotdf.com.ar\/wp-content\/uploads\/2026\/02\/photo_2026-02-25_18-00-02-300x225.jpg\" alt=\"\" width=\"300\" height=\"225\" srcset=\"https:\/\/hablemosclarotdf.com.ar\/wp-content\/uploads\/2026\/02\/photo_2026-02-25_18-00-02-300x225.jpg 300w, https:\/\/hablemosclarotdf.com.ar\/wp-content\/uploads\/2026\/02\/photo_2026-02-25_18-00-02-1024x768.jpg 1024w, https:\/\/hablemosclarotdf.com.ar\/wp-content\/uploads\/2026\/02\/photo_2026-02-25_18-00-02-768x576.jpg 768w, https:\/\/hablemosclarotdf.com.ar\/wp-content\/uploads\/2026\/02\/photo_2026-02-25_18-00-02.jpg 1280w\" sizes=\"auto, (max-width: 300px) 100vw, 300px\" \/> <img loading=\"lazy\" decoding=\"async\" class=\"alignnone size-medium wp-image-67805\" src=\"https:\/\/hablemosclarotdf.com.ar\/wp-content\/uploads\/2026\/02\/photo_2026-02-25_18-00-06-300x225.jpg\" alt=\"\" width=\"300\" height=\"225\" srcset=\"https:\/\/hablemosclarotdf.com.ar\/wp-content\/uploads\/2026\/02\/photo_2026-02-25_18-00-06-300x225.jpg 300w, https:\/\/hablemosclarotdf.com.ar\/wp-content\/uploads\/2026\/02\/photo_2026-02-25_18-00-06-1024x768.jpg 1024w, https:\/\/hablemosclarotdf.com.ar\/wp-content\/uploads\/2026\/02\/photo_2026-02-25_18-00-06-768x576.jpg 768w, https:\/\/hablemosclarotdf.com.ar\/wp-content\/uploads\/2026\/02\/photo_2026-02-25_18-00-06.jpg 1280w\" sizes=\"auto, (max-width: 300px) 100vw, 300px\" \/> <img loading=\"lazy\" decoding=\"async\" class=\"alignnone size-medium wp-image-67806\" src=\"https:\/\/hablemosclarotdf.com.ar\/wp-content\/uploads\/2026\/02\/photo_2026-02-25_18-00-10-300x225.jpg\" alt=\"\" width=\"300\" height=\"225\" srcset=\"https:\/\/hablemosclarotdf.com.ar\/wp-content\/uploads\/2026\/02\/photo_2026-02-25_18-00-10-300x225.jpg 300w, https:\/\/hablemosclarotdf.com.ar\/wp-content\/uploads\/2026\/02\/photo_2026-02-25_18-00-10-1024x768.jpg 1024w, https:\/\/hablemosclarotdf.com.ar\/wp-content\/uploads\/2026\/02\/photo_2026-02-25_18-00-10-768x576.jpg 768w, https:\/\/hablemosclarotdf.com.ar\/wp-content\/uploads\/2026\/02\/photo_2026-02-25_18-00-10.jpg 1280w\" sizes=\"auto, (max-width: 300px) 100vw, 300px\" \/> <img loading=\"lazy\" decoding=\"async\" class=\"alignnone size-medium wp-image-67807\" src=\"https:\/\/hablemosclarotdf.com.ar\/wp-content\/uploads\/2026\/02\/photo_2026-02-25_18-00-17-300x225.jpg\" alt=\"\" width=\"300\" height=\"225\" srcset=\"https:\/\/hablemosclarotdf.com.ar\/wp-content\/uploads\/2026\/02\/photo_2026-02-25_18-00-17-300x225.jpg 300w, https:\/\/hablemosclarotdf.com.ar\/wp-content\/uploads\/2026\/02\/photo_2026-02-25_18-00-17-1024x768.jpg 1024w, https:\/\/hablemosclarotdf.com.ar\/wp-content\/uploads\/2026\/02\/photo_2026-02-25_18-00-17-768x576.jpg 768w, https:\/\/hablemosclarotdf.com.ar\/wp-content\/uploads\/2026\/02\/photo_2026-02-25_18-00-17.jpg 1280w\" sizes=\"auto, (max-width: 300px) 100vw, 300px\" \/><\/p>\n","protected":false},"excerpt":{"rendered":"<p>El Gimnasio de la Escuela N\u00b0 2 de la ciudad de R\u00edo Grande fue sede&#8230;<\/p>\n","protected":false},"author":1,"featured_media":67803,"comment_status":"closed","ping_status":"closed","sticky":false,"template":"","format":"standard","meta":{"footnotes":""},"categories":[3],"tags":[],"class_list":["post-67802","post","type-post","status-publish","format-standard","has-post-thumbnail","hentry","category-noticias"],"jetpack_featured_media_url":"https:\/\/hablemosclarotdf.com.ar\/wp-content\/uploads\/2026\/02\/photo_2026-02-25_17-59-42.jpg","_links":{"self":[{"href":"https:\/\/hablemosclarotdf.com.ar\/index.php?rest_route=\/wp\/v2\/posts\/67802","targetHints":{"allow":["GET"]}}],"collection":[{"href":"https:\/\/hablemosclarotdf.com.ar\/index.php?rest_route=\/wp\/v2\/posts"}],"about":[{"href":"https:\/\/hablemosclarotdf.com.ar\/index.php?rest_route=\/wp\/v2\/types\/post"}],"author":[{"embeddable":true,"href":"https:\/\/hablemosclarotdf.com.ar\/index.php?rest_route=\/wp\/v2\/users\/1"}],"replies":[{"embeddable":true,"href":"https:\/\/hablemosclarotdf.com.ar\/index.php?rest_route=%2Fwp%2Fv2%2Fcomments&post=67802"}],"version-history":[{"count":1,"href":"https:\/\/hablemosclarotdf.com.ar\/index.php?rest_route=\/wp\/v2\/posts\/67802\/revisions"}],"predecessor-version":[{"id":67808,"href":"https:\/\/hablemosclarotdf.com.ar\/index.php?rest_route=\/wp\/v2\/posts\/67802\/revisions\/67808"}],"wp:featuredmedia":[{"embeddable":true,"href":"https:\/\/hablemosclarotdf.com.ar\/index.php?rest_route=\/wp\/v2\/media\/67803"}],"wp:attachment":[{"href":"https:\/\/hablemosclarotdf.com.ar\/index.php?rest_route=%2Fwp%2Fv2%2Fmedia&parent=67802"}],"wp:term":[{"taxonomy":"category","embeddable":true,"href":"https:\/\/hablemosclarotdf.com.ar\/index.php?rest_route=%2Fwp%2Fv2%2Fcategories&post=67802"},{"taxonomy":"post_tag","embeddable":true,"href":"https:\/\/hablemosclarotdf.com.ar\/index.php?rest_route=%2Fwp%2Fv2%2Ftags&post=67802"}],"curies":[{"name":"wp","href":"https:\/\/api.w.org\/{rel}","templated":true}]}}