{"id":67789,"date":"2026-02-25T14:47:57","date_gmt":"2026-02-25T17:47:57","guid":{"rendered":"https:\/\/hablemosclarotdf.com.ar\/?p=67789"},"modified":"2026-02-25T14:47:57","modified_gmt":"2026-02-25T17:47:57","slug":"ushuaia-la-municipalidad-impulsara-nuevos-talleres-culturales","status":"publish","type":"post","link":"https:\/\/hablemosclarotdf.com.ar\/?p=67789","title":{"rendered":"USHUAIA : LA MUNICIPALIDAD IMPULSAR\u00c1 NUEVOS TALLERES CULTURALES"},"content":{"rendered":"<p>Las propuestas comenzar\u00e1n a partir de marzo<\/p>\n<p>La Secretar\u00eda de Cultura y Educaci\u00f3n de la Municipalidad de Ushuaia informa a la comunidad que se impulsar\u00e1n nuevas propuestas de talleres culturales, a dar inicio durante el mes de marzo. Qui\u00e9nes deseen inscribirse, podr\u00e1n hacerlo a trav\u00e9s del WhatsApp 2901-400987.<br \/>\nLas actividades abarcar\u00e1n el Taller de Bordado \u201cFlora Aut\u00f3ctona\u201d que dar\u00e1 comienzo el lunes 9 de marzo de 16:00 a 18:00 horas en la Antigua Casa Beban, contando con encuentros a cargo de la profesora Yamila Freidas. As\u00ed tambi\u00e9n, junto a la profesora Freidas, se brindar\u00e1 el Taller de Cer\u00e1mica en la Casa de la Cultura Enriqueta Gastelmendi, contando con dos grupos: el primero dar\u00e1 inicio el martes 10 cursando de 15:00 a 16:30 horas y el segundo el viernes 13 de 18:00 a 19:30 horas, en ambas instancias de capacitaci\u00f3n no se incluyen materiales para las y los alumnos. Finalizando las propuestas, la profesora Manuela Bubis impulsar\u00e1 el Coro del Sur, contando con una convocatoria a audici\u00f3n el d\u00eda martes 3 de marzo de 19:00 a 21:00 horas, donde se requiere voz sana y afinaci\u00f3n.<br \/>\nBel\u00e9n Molina, secretaria de Cultura y Educaci\u00f3n, detall\u00f3 que \u201csiguiendo la l\u00ednea que nos propone el intendente Walter Vuoto, impulsamos la primera parte de los talleres culturales que la Municipalidad llevar\u00e1 adelante a lo largo del a\u00f1o, continuando esta firme convicci\u00f3n de generar espacios de encuentro, recreaci\u00f3n y aprendizaje para todos y todas\u201d.<br \/>\nQui\u00e9nes deseen conocer m\u00e1s sobre las propuestas de talleres culturales que la Municipalidad de Ushuaia impulsa, podr\u00e1n visitar las redes sociales de la Secretar\u00eda de Cultura y Educaci\u00f3n en @culturayeducacionush.<\/p>\n<p><img loading=\"lazy\" decoding=\"async\" class=\"alignnone size-medium wp-image-67791\" src=\"https:\/\/hablemosclarotdf.com.ar\/wp-content\/uploads\/2026\/02\/photo_2026-02-25_14-46-13-240x300.jpg\" alt=\"\" width=\"240\" height=\"300\" srcset=\"https:\/\/hablemosclarotdf.com.ar\/wp-content\/uploads\/2026\/02\/photo_2026-02-25_14-46-13-240x300.jpg 240w, https:\/\/hablemosclarotdf.com.ar\/wp-content\/uploads\/2026\/02\/photo_2026-02-25_14-46-13-819x1024.jpg 819w, https:\/\/hablemosclarotdf.com.ar\/wp-content\/uploads\/2026\/02\/photo_2026-02-25_14-46-13-768x960.jpg 768w, https:\/\/hablemosclarotdf.com.ar\/wp-content\/uploads\/2026\/02\/photo_2026-02-25_14-46-13.jpg 1024w\" sizes=\"auto, (max-width: 240px) 100vw, 240px\" \/> <img loading=\"lazy\" decoding=\"async\" class=\"alignnone size-medium wp-image-67792\" src=\"https:\/\/hablemosclarotdf.com.ar\/wp-content\/uploads\/2026\/02\/photo_2026-02-25_14-46-32-240x300.jpg\" alt=\"\" width=\"240\" height=\"300\" srcset=\"https:\/\/hablemosclarotdf.com.ar\/wp-content\/uploads\/2026\/02\/photo_2026-02-25_14-46-32-240x300.jpg 240w, https:\/\/hablemosclarotdf.com.ar\/wp-content\/uploads\/2026\/02\/photo_2026-02-25_14-46-32-819x1024.jpg 819w, https:\/\/hablemosclarotdf.com.ar\/wp-content\/uploads\/2026\/02\/photo_2026-02-25_14-46-32-768x960.jpg 768w, https:\/\/hablemosclarotdf.com.ar\/wp-content\/uploads\/2026\/02\/photo_2026-02-25_14-46-32.jpg 1024w\" sizes=\"auto, (max-width: 240px) 100vw, 240px\" \/><\/p>\n","protected":false},"excerpt":{"rendered":"<p>Las propuestas comenzar\u00e1n a partir de marzo La Secretar\u00eda de Cultura y Educaci\u00f3n de la&#8230;<\/p>\n","protected":false},"author":1,"featured_media":67790,"comment_status":"closed","ping_status":"closed","sticky":false,"template":"","format":"standard","meta":{"footnotes":""},"categories":[3],"tags":[],"class_list":["post-67789","post","type-post","status-publish","format-standard","has-post-thumbnail","hentry","category-noticias"],"jetpack_featured_media_url":"https:\/\/hablemosclarotdf.com.ar\/wp-content\/uploads\/2026\/02\/photo_2026-02-25_14-46-05.jpg","_links":{"self":[{"href":"https:\/\/hablemosclarotdf.com.ar\/index.php?rest_route=\/wp\/v2\/posts\/67789","targetHints":{"allow":["GET"]}}],"collection":[{"href":"https:\/\/hablemosclarotdf.com.ar\/index.php?rest_route=\/wp\/v2\/posts"}],"about":[{"href":"https:\/\/hablemosclarotdf.com.ar\/index.php?rest_route=\/wp\/v2\/types\/post"}],"author":[{"embeddable":true,"href":"https:\/\/hablemosclarotdf.com.ar\/index.php?rest_route=\/wp\/v2\/users\/1"}],"replies":[{"embeddable":true,"href":"https:\/\/hablemosclarotdf.com.ar\/index.php?rest_route=%2Fwp%2Fv2%2Fcomments&post=67789"}],"version-history":[{"count":1,"href":"https:\/\/hablemosclarotdf.com.ar\/index.php?rest_route=\/wp\/v2\/posts\/67789\/revisions"}],"predecessor-version":[{"id":67793,"href":"https:\/\/hablemosclarotdf.com.ar\/index.php?rest_route=\/wp\/v2\/posts\/67789\/revisions\/67793"}],"wp:featuredmedia":[{"embeddable":true,"href":"https:\/\/hablemosclarotdf.com.ar\/index.php?rest_route=\/wp\/v2\/media\/67790"}],"wp:attachment":[{"href":"https:\/\/hablemosclarotdf.com.ar\/index.php?rest_route=%2Fwp%2Fv2%2Fmedia&parent=67789"}],"wp:term":[{"taxonomy":"category","embeddable":true,"href":"https:\/\/hablemosclarotdf.com.ar\/index.php?rest_route=%2Fwp%2Fv2%2Fcategories&post=67789"},{"taxonomy":"post_tag","embeddable":true,"href":"https:\/\/hablemosclarotdf.com.ar\/index.php?rest_route=%2Fwp%2Fv2%2Ftags&post=67789"}],"curies":[{"name":"wp","href":"https:\/\/api.w.org\/{rel}","templated":true}]}}