{"id":67785,"date":"2026-02-25T14:38:05","date_gmt":"2026-02-25T17:38:05","guid":{"rendered":"https:\/\/hablemosclarotdf.com.ar\/?p=67785"},"modified":"2026-02-25T14:38:05","modified_gmt":"2026-02-25T17:38:05","slug":"la-campana-de-vacunacion-antigripal-comenzara-el-11-de-marzo-en-toda-la-provincia","status":"publish","type":"post","link":"https:\/\/hablemosclarotdf.com.ar\/?p=67785","title":{"rendered":"LA CAMPA\u00d1A DE VACUNACI\u00d3N ANTIGRIPAL COMENZAR\u00c1 EL 11 DE MARZO EN TODA LA PROVINCIA"},"content":{"rendered":"<p>La Ministra de Salud de la provincia, Judit Di Giglio, particip\u00f3 del primer encuentro del Consejo Federal de Salud (COFESA), que se llev\u00f3 adelante en la ciudad de Buenos Aires y donde se abordaron distintos ejes en torno a la salud p\u00fablica.<\/p>\n<p>En ese marco, se tom\u00f3 la decisi\u00f3n de adelantar la Campa\u00f1a de Vacunaci\u00f3n Antigripal que, este a\u00f1o, comenzar\u00e1 el 11 de marzo de manera simult\u00e1nea en todas las provincias argentinas.<\/p>\n<p>De esta manera, se pretende disminuir la circulaci\u00f3n del virus a partir de una inmunizaci\u00f3n temprana y amortiguar el impacto que genera todos los a\u00f1os durante el periodo invernal.<\/p>\n<p>Sobre los pormenores del debate, la Ministra Di Giglio manifest\u00f3 que \u201cla decisi\u00f3n se tom\u00f3 por c\u00f3mo se est\u00e1 comportando el virus\u201d y explic\u00f3 que \u201chemos visto que en Europa hubo un mayor porcentaje de internaciones por el virus de la gripe en relaci\u00f3n a otros a\u00f1os\u201d y que \u201ca\u00fan no se sabe si las cepas son m\u00e1s virulentas o si se debe al descenso de la cobertura de la vacunaci\u00f3n\u201d.<\/p>\n<p>\u201cPor eso, se decide adelantar el calendario de vacunaci\u00f3n\u201d agreg\u00f3, al tiempo que consider\u00f3 como \u201cuna muy buena estrategia empezar todos el mismo d\u00eda en el pa\u00eds, o sea, hacer un lanzamiento nacional\u201d. En este sentido, precis\u00f3 que la Campa\u00f1a Antigripal \u201ciniciar\u00e1 el 11 de marzo\u201d.<\/p>\n<p>En esta l\u00ednea, la funcionaria record\u00f3 que \u201cla vacuna es obligatoria en los ni\u00f1os menores de dos a\u00f1os, en las mujeres embarazadas, en los mayores de 60 a\u00f1os y en el personal de salud, de manera gratuita\u201d.<\/p>\n<p>\u201cLas personas que no entran en estos grupos etarios donde es obligatoria, pero que tienen comorbilidades o factores de riesgo como pueden ser una enfermedad pulmonar obstructiva cr\u00f3nica, una patolog\u00eda oncol\u00f3gica, requieren de la indicaci\u00f3n m\u00e9dica\u201d, aclar\u00f3.<\/p>\n<p>Finalmente, insisti\u00f3 que \u201clo importante es que se vacunen aquellas personas que tienen la indicaci\u00f3n\u201d y reiter\u00f3 que \u201cesto se adelanta como una estrategia para tener porcentaje de personas con anticuerpos y con cobertura antes, ya que sabemos que el virus de la gripe es estacional, entonces empieza a circular con temperaturas fr\u00edas en el invierno\u201d.<\/p>\n<p><img loading=\"lazy\" decoding=\"async\" class=\"alignnone size-medium wp-image-67787\" src=\"https:\/\/hablemosclarotdf.com.ar\/wp-content\/uploads\/2026\/02\/photo_2026-02-25_14-37-09-300x200.jpg\" alt=\"\" width=\"300\" height=\"200\" srcset=\"https:\/\/hablemosclarotdf.com.ar\/wp-content\/uploads\/2026\/02\/photo_2026-02-25_14-37-09-300x200.jpg 300w, https:\/\/hablemosclarotdf.com.ar\/wp-content\/uploads\/2026\/02\/photo_2026-02-25_14-37-09-1024x682.jpg 1024w, https:\/\/hablemosclarotdf.com.ar\/wp-content\/uploads\/2026\/02\/photo_2026-02-25_14-37-09-768x512.jpg 768w, https:\/\/hablemosclarotdf.com.ar\/wp-content\/uploads\/2026\/02\/photo_2026-02-25_14-37-09.jpg 1280w\" sizes=\"auto, (max-width: 300px) 100vw, 300px\" \/><\/p>\n","protected":false},"excerpt":{"rendered":"<p>La Ministra de Salud de la provincia, Judit Di Giglio, particip\u00f3 del primer encuentro del&#8230;<\/p>\n","protected":false},"author":1,"featured_media":67786,"comment_status":"closed","ping_status":"closed","sticky":false,"template":"","format":"standard","meta":{"footnotes":""},"categories":[3],"tags":[],"class_list":["post-67785","post","type-post","status-publish","format-standard","has-post-thumbnail","hentry","category-noticias"],"jetpack_featured_media_url":"https:\/\/hablemosclarotdf.com.ar\/wp-content\/uploads\/2026\/02\/photo_2026-02-25_14-36-59.jpg","_links":{"self":[{"href":"https:\/\/hablemosclarotdf.com.ar\/index.php?rest_route=\/wp\/v2\/posts\/67785","targetHints":{"allow":["GET"]}}],"collection":[{"href":"https:\/\/hablemosclarotdf.com.ar\/index.php?rest_route=\/wp\/v2\/posts"}],"about":[{"href":"https:\/\/hablemosclarotdf.com.ar\/index.php?rest_route=\/wp\/v2\/types\/post"}],"author":[{"embeddable":true,"href":"https:\/\/hablemosclarotdf.com.ar\/index.php?rest_route=\/wp\/v2\/users\/1"}],"replies":[{"embeddable":true,"href":"https:\/\/hablemosclarotdf.com.ar\/index.php?rest_route=%2Fwp%2Fv2%2Fcomments&post=67785"}],"version-history":[{"count":1,"href":"https:\/\/hablemosclarotdf.com.ar\/index.php?rest_route=\/wp\/v2\/posts\/67785\/revisions"}],"predecessor-version":[{"id":67788,"href":"https:\/\/hablemosclarotdf.com.ar\/index.php?rest_route=\/wp\/v2\/posts\/67785\/revisions\/67788"}],"wp:featuredmedia":[{"embeddable":true,"href":"https:\/\/hablemosclarotdf.com.ar\/index.php?rest_route=\/wp\/v2\/media\/67786"}],"wp:attachment":[{"href":"https:\/\/hablemosclarotdf.com.ar\/index.php?rest_route=%2Fwp%2Fv2%2Fmedia&parent=67785"}],"wp:term":[{"taxonomy":"category","embeddable":true,"href":"https:\/\/hablemosclarotdf.com.ar\/index.php?rest_route=%2Fwp%2Fv2%2Fcategories&post=67785"},{"taxonomy":"post_tag","embeddable":true,"href":"https:\/\/hablemosclarotdf.com.ar\/index.php?rest_route=%2Fwp%2Fv2%2Ftags&post=67785"}],"curies":[{"name":"wp","href":"https:\/\/api.w.org\/{rel}","templated":true}]}}