{"id":67771,"date":"2026-02-25T12:33:11","date_gmt":"2026-02-25T15:33:11","guid":{"rendered":"https:\/\/hablemosclarotdf.com.ar\/?p=67771"},"modified":"2026-02-25T12:33:11","modified_gmt":"2026-02-25T15:33:11","slug":"abordaremos-los-programas-socioeducativos-en-diferentes-epocas-del-ano-nunca-hablamos-de-su-cierre","status":"publish","type":"post","link":"https:\/\/hablemosclarotdf.com.ar\/?p=67771","title":{"rendered":"\u201cABORDAREMOS LOS PROGRAMAS SOCIOEDUCATIVOS EN DIFERENTES \u00c9POCAS DEL A\u00d1O, NUNCA HABLAMOS DE SU CIERRE\u201d"},"content":{"rendered":"<p>El ministro de Educaci\u00f3n, Pablo L\u00f3pez Silva, se refiri\u00f3 a la continuidad de los programas socioeducativos que se llevan adelante a trav\u00e9s de su cartera y brind\u00f3 precisiones sobre su implementaci\u00f3n durante el corriente a\u00f1o.<\/p>\n<p>En este contexto, el titular de la cartera educativa anunci\u00f3 que se encuentra en elaboraci\u00f3n \u201cuna agenda de trabajo para abordar todos los programas en distintas \u00e9pocas del a\u00f1o\u201d. L\u00f3pez Silva explic\u00f3 que, anteriormente estas iniciativas eran financiadas por el Gobierno Nacional, \u201ctomamos la decisi\u00f3n de seguir haci\u00e9ndonos cargo\u201d como provincia.<\/p>\n<p>\u201cEs muy importante que podamos fortalecer las trayectorias educativas de nuestros estudiantes; por eso, todos los recursos con los que contemos van a tender a ese fortalecimiento\u201d, subray\u00f3 el ministro.<\/p>\n<p>Asimismo, detall\u00f3 que \u201cdentro del Ministerio de Educaci\u00f3n tenemos una Secretar\u00eda de Inclusi\u00f3n, que atiende con diferentes programas y va acompa\u00f1ando las trayectorias educativas de nuestros estudiantes y abordando distintas tem\u00e1ticas dentro de las instituciones\u201d.<\/p>\n<p>En ese marco, mencion\u00f3 iniciativas como los centros de estudiantes, el programa \u201cAprendo en mi barrio\u201d, Educaci\u00f3n Sexual Integral (ESI), coro y orquesta, Huerta, Cooperadora y la Direcci\u00f3n de Educaci\u00f3n F\u00edsica.<\/p>\n<p>El Ministro aclar\u00f3 que \u201ctodos estos programas tienen un inicio y un fin cada a\u00f1o\u201d y que, en 2026, \u201cestamos armando una agenda de trabajo para abordar todos los programas, pero en diferentes \u00e9pocas del a\u00f1o\u201d. En este sentido, fue enf\u00e1tico al se\u00f1alar que \u201cnunca se habl\u00f3 del cierre de estos programas\u201d.<\/p>\n<p>L\u00f3pez Silva record\u00f3 el contexto de decisi\u00f3n pol\u00edtica: \u201cTodos los programas de pol\u00edticas socioeducativas eran financiados antes por el Gobierno nacional, que los fue eliminando, y nosotros, como provincia, tomamos la decisi\u00f3n de seguir haci\u00e9ndonos cargo, con la realidad que tenemos\u201d.<\/p>\n<p>Y concluy\u00f3: \u201cNuestra idea es tener una agenda en la cual pongamos en acci\u00f3n cada uno de estos programas, que van a tener continuidad a lo largo del a\u00f1o, y que iremos viendo en qu\u00e9 momento los vamos a ejecutar\u201d.<\/p>\n","protected":false},"excerpt":{"rendered":"<p>El ministro de Educaci\u00f3n, Pablo L\u00f3pez Silva, se refiri\u00f3 a la continuidad de los programas&#8230;<\/p>\n","protected":false},"author":1,"featured_media":67772,"comment_status":"closed","ping_status":"closed","sticky":false,"template":"","format":"standard","meta":{"footnotes":""},"categories":[3],"tags":[],"class_list":["post-67771","post","type-post","status-publish","format-standard","has-post-thumbnail","hentry","category-noticias"],"jetpack_featured_media_url":"https:\/\/hablemosclarotdf.com.ar\/wp-content\/uploads\/2026\/02\/photo_2026-02-25_12-32-46.jpg","_links":{"self":[{"href":"https:\/\/hablemosclarotdf.com.ar\/index.php?rest_route=\/wp\/v2\/posts\/67771","targetHints":{"allow":["GET"]}}],"collection":[{"href":"https:\/\/hablemosclarotdf.com.ar\/index.php?rest_route=\/wp\/v2\/posts"}],"about":[{"href":"https:\/\/hablemosclarotdf.com.ar\/index.php?rest_route=\/wp\/v2\/types\/post"}],"author":[{"embeddable":true,"href":"https:\/\/hablemosclarotdf.com.ar\/index.php?rest_route=\/wp\/v2\/users\/1"}],"replies":[{"embeddable":true,"href":"https:\/\/hablemosclarotdf.com.ar\/index.php?rest_route=%2Fwp%2Fv2%2Fcomments&post=67771"}],"version-history":[{"count":1,"href":"https:\/\/hablemosclarotdf.com.ar\/index.php?rest_route=\/wp\/v2\/posts\/67771\/revisions"}],"predecessor-version":[{"id":67773,"href":"https:\/\/hablemosclarotdf.com.ar\/index.php?rest_route=\/wp\/v2\/posts\/67771\/revisions\/67773"}],"wp:featuredmedia":[{"embeddable":true,"href":"https:\/\/hablemosclarotdf.com.ar\/index.php?rest_route=\/wp\/v2\/media\/67772"}],"wp:attachment":[{"href":"https:\/\/hablemosclarotdf.com.ar\/index.php?rest_route=%2Fwp%2Fv2%2Fmedia&parent=67771"}],"wp:term":[{"taxonomy":"category","embeddable":true,"href":"https:\/\/hablemosclarotdf.com.ar\/index.php?rest_route=%2Fwp%2Fv2%2Fcategories&post=67771"},{"taxonomy":"post_tag","embeddable":true,"href":"https:\/\/hablemosclarotdf.com.ar\/index.php?rest_route=%2Fwp%2Fv2%2Ftags&post=67771"}],"curies":[{"name":"wp","href":"https:\/\/api.w.org\/{rel}","templated":true}]}}