{"id":67733,"date":"2026-02-25T09:10:34","date_gmt":"2026-02-25T12:10:34","guid":{"rendered":"https:\/\/hablemosclarotdf.com.ar\/?p=67733"},"modified":"2026-02-25T09:10:34","modified_gmt":"2026-02-25T12:10:34","slug":"personal-de-expedicion-antartico-brindaron-la-charla-experiencias-desde-antartida","status":"publish","type":"post","link":"https:\/\/hablemosclarotdf.com.ar\/?p=67733","title":{"rendered":"PERSONAL DE EXPEDICI\u00d3N ANT\u00c1RTICO BRINDARON LA CHARLA \u201cEXPERIENCIAS DESDE ANT\u00c1RTIDA\u201d"},"content":{"rendered":"<p>En el marco de las actividades que el Gobierno de la provincia desarrolla en el Mes Ant\u00e1rtico, el Instituto Fueguino de Turismo junto Antarpply Expeditions y con la colaboraci\u00f3n de Ushuaia Shipping llevaron a cabo la charla \u201cExperiencias desde Ant\u00e1rtida\u201d, un encuentro con personal de expedici\u00f3n ant\u00e1rtico.<\/p>\n<p>Con amplia participaci\u00f3n de referentes de agencias de viajes y turismo, gu\u00edas, operadores, prestadores y p\u00fablico general interesados en la tem\u00e1tica, se llev\u00f3 a cabo ayer este encuentro con el objetivo de visibilizar y reconocer a argentinos\/as que trabajan en expediciones ant\u00e1rticas.<\/p>\n<p>En este sentido, Carolina Ojeda, referente de Turismo Ant\u00e1rtico del INFUETUR explic\u00f3 que \u201cpersonal de expedici\u00f3n y gu\u00edas ant\u00e1rticos vinculados a Ushuaia brindaron una charla informativa y de experiencias de vida, para conocer c\u00f3mo es trabajar en cruceros de expedici\u00f3n y en Ant\u00e1rtida. Desde el INFUETUR consideramos de gran importancia poner en valor los recursos humanos locales, incluyendo los relatos en primera persona de argentinos y fueguinos que se encuentran trabajando en el Continente Blanco, quienes brindaron informaci\u00f3n \u00fatil para aquellas personas que quieran orientar su futuro hacia este campo\u201d.<\/p>\n<p>En tanto, uno de los disertantes, Javier Fern\u00e1ndez, gu\u00eda de kayak quien se desempe\u00f1a como staff de expedici\u00f3n ant\u00e1rtica sostuvo que trabajar en el Continente Blanco siendo residente fueguino y argentino \u201csignifica mucho desde la identidad que representas, Ant\u00e1rtida forma parte de nuestra provincia y de nuestra identidad cultural, es un sentimiento muy profundo trabajar en el sector ant\u00e1rtico, con todo significa en cuestiones de soberan\u00eda y pertenencia, por lo que desde mi lugar intento contribuir y representar de la mejor forma\u201d.<\/p>\n<p>Adem\u00e1s brind\u00f3 un mensaje para quienes deseen trabajar en el rubro desde Tierra del Fuego \u201crequiere mucho esfuerzo, dedicaci\u00f3n y pasi\u00f3n, tener ganas de superarte y superar obst\u00e1culos, en este tipo de industria estamos mucho en contacto con la naturaleza y mucho tiempo embarcados, como as\u00ed tambi\u00e9n requiere de entrenamiento para estar en estos lugares inh\u00f3spitos y remotos, es posible lograrlo y es un gran aprendizaje\u201d.<\/p>\n<p>Desde el INFUETUR agradecieron la predisposici\u00f3n de los invitados que se desempe\u00f1an como personal de expedici\u00f3n, Javier Fern\u00e1ndez (Gu\u00eda de Kayak), Guadalupe Aguirre (Staff de Expedici\u00f3n), Natalia Buzeta (Fot\u00f3grafa), Macarena Acosta Manjarres (Gu\u00eda Naturalista), Diego Linares (Gu\u00eda de Kayak) y Daniel Martinioni (Ge\u00f3logo &#8211; Conferencista Ant\u00e1rtico); como as\u00ed tambi\u00e9n destacaron la colaboraci\u00f3n de Luis Turi (Gu\u00eda de Kayak), P\u00eda Harboure (Fot\u00f3grafa) y Daniel Urriza (Gu\u00eda de Kayak).<\/p>\n<p>Cabe destacar que en este marco continuar\u00e1n las acciones de difusi\u00f3n en el Mes Ant\u00e1rtico, con contenido de entrevistas en redes sociales del Instituto. Como as\u00ed tambi\u00e9n se efectuar\u00e1 una visita al barco de expedici\u00f3n ant\u00e1rtico MV USHUAIA, organizada por Antarpply Expeditions, en la cual asistir\u00e1n un grupo de participantes que estuvieron presentes en esta charla.<\/p>\n<p><img loading=\"lazy\" decoding=\"async\" class=\"alignnone size-medium wp-image-67735\" src=\"https:\/\/hablemosclarotdf.com.ar\/wp-content\/uploads\/2026\/02\/photo_2026-02-25_09-08-02-300x194.jpg\" alt=\"\" width=\"300\" height=\"194\" srcset=\"https:\/\/hablemosclarotdf.com.ar\/wp-content\/uploads\/2026\/02\/photo_2026-02-25_09-08-02-300x194.jpg 300w, https:\/\/hablemosclarotdf.com.ar\/wp-content\/uploads\/2026\/02\/photo_2026-02-25_09-08-02-1024x663.jpg 1024w, https:\/\/hablemosclarotdf.com.ar\/wp-content\/uploads\/2026\/02\/photo_2026-02-25_09-08-02-768x497.jpg 768w, https:\/\/hablemosclarotdf.com.ar\/wp-content\/uploads\/2026\/02\/photo_2026-02-25_09-08-02.jpg 1280w\" sizes=\"auto, (max-width: 300px) 100vw, 300px\" \/><img loading=\"lazy\" decoding=\"async\" class=\"alignnone size-medium wp-image-67736\" src=\"https:\/\/hablemosclarotdf.com.ar\/wp-content\/uploads\/2026\/02\/photo_2026-02-25_09-08-08-300x169.jpg\" alt=\"\" width=\"300\" height=\"169\" srcset=\"https:\/\/hablemosclarotdf.com.ar\/wp-content\/uploads\/2026\/02\/photo_2026-02-25_09-08-08-300x169.jpg 300w, https:\/\/hablemosclarotdf.com.ar\/wp-content\/uploads\/2026\/02\/photo_2026-02-25_09-08-08-1024x576.jpg 1024w, https:\/\/hablemosclarotdf.com.ar\/wp-content\/uploads\/2026\/02\/photo_2026-02-25_09-08-08-768x432.jpg 768w, https:\/\/hablemosclarotdf.com.ar\/wp-content\/uploads\/2026\/02\/photo_2026-02-25_09-08-08.jpg 1280w\" sizes=\"auto, (max-width: 300px) 100vw, 300px\" \/> <img loading=\"lazy\" decoding=\"async\" class=\"alignnone size-medium wp-image-67737\" src=\"https:\/\/hablemosclarotdf.com.ar\/wp-content\/uploads\/2026\/02\/photo_2026-02-25_09-08-13-300x186.jpg\" alt=\"\" width=\"300\" height=\"186\" srcset=\"https:\/\/hablemosclarotdf.com.ar\/wp-content\/uploads\/2026\/02\/photo_2026-02-25_09-08-13-300x186.jpg 300w, https:\/\/hablemosclarotdf.com.ar\/wp-content\/uploads\/2026\/02\/photo_2026-02-25_09-08-13-1024x634.jpg 1024w, https:\/\/hablemosclarotdf.com.ar\/wp-content\/uploads\/2026\/02\/photo_2026-02-25_09-08-13-768x476.jpg 768w, https:\/\/hablemosclarotdf.com.ar\/wp-content\/uploads\/2026\/02\/photo_2026-02-25_09-08-13.jpg 1280w\" sizes=\"auto, (max-width: 300px) 100vw, 300px\" \/> <img loading=\"lazy\" decoding=\"async\" class=\"alignnone size-medium wp-image-67738\" src=\"https:\/\/hablemosclarotdf.com.ar\/wp-content\/uploads\/2026\/02\/photo_2026-02-25_09-08-20-300x185.jpg\" alt=\"\" width=\"300\" height=\"185\" srcset=\"https:\/\/hablemosclarotdf.com.ar\/wp-content\/uploads\/2026\/02\/photo_2026-02-25_09-08-20-300x185.jpg 300w, https:\/\/hablemosclarotdf.com.ar\/wp-content\/uploads\/2026\/02\/photo_2026-02-25_09-08-20-1024x630.jpg 1024w, https:\/\/hablemosclarotdf.com.ar\/wp-content\/uploads\/2026\/02\/photo_2026-02-25_09-08-20-768x473.jpg 768w, https:\/\/hablemosclarotdf.com.ar\/wp-content\/uploads\/2026\/02\/photo_2026-02-25_09-08-20.jpg 1280w\" sizes=\"auto, (max-width: 300px) 100vw, 300px\" \/><\/p>\n","protected":false},"excerpt":{"rendered":"<p>En el marco de las actividades que el Gobierno de la provincia desarrolla en el&#8230;<\/p>\n","protected":false},"author":1,"featured_media":67734,"comment_status":"closed","ping_status":"closed","sticky":false,"template":"","format":"standard","meta":{"footnotes":""},"categories":[3],"tags":[],"class_list":["post-67733","post","type-post","status-publish","format-standard","has-post-thumbnail","hentry","category-noticias"],"jetpack_featured_media_url":"https:\/\/hablemosclarotdf.com.ar\/wp-content\/uploads\/2026\/02\/photo_2026-02-25_09-07-44.jpg","_links":{"self":[{"href":"https:\/\/hablemosclarotdf.com.ar\/index.php?rest_route=\/wp\/v2\/posts\/67733","targetHints":{"allow":["GET"]}}],"collection":[{"href":"https:\/\/hablemosclarotdf.com.ar\/index.php?rest_route=\/wp\/v2\/posts"}],"about":[{"href":"https:\/\/hablemosclarotdf.com.ar\/index.php?rest_route=\/wp\/v2\/types\/post"}],"author":[{"embeddable":true,"href":"https:\/\/hablemosclarotdf.com.ar\/index.php?rest_route=\/wp\/v2\/users\/1"}],"replies":[{"embeddable":true,"href":"https:\/\/hablemosclarotdf.com.ar\/index.php?rest_route=%2Fwp%2Fv2%2Fcomments&post=67733"}],"version-history":[{"count":1,"href":"https:\/\/hablemosclarotdf.com.ar\/index.php?rest_route=\/wp\/v2\/posts\/67733\/revisions"}],"predecessor-version":[{"id":67739,"href":"https:\/\/hablemosclarotdf.com.ar\/index.php?rest_route=\/wp\/v2\/posts\/67733\/revisions\/67739"}],"wp:featuredmedia":[{"embeddable":true,"href":"https:\/\/hablemosclarotdf.com.ar\/index.php?rest_route=\/wp\/v2\/media\/67734"}],"wp:attachment":[{"href":"https:\/\/hablemosclarotdf.com.ar\/index.php?rest_route=%2Fwp%2Fv2%2Fmedia&parent=67733"}],"wp:term":[{"taxonomy":"category","embeddable":true,"href":"https:\/\/hablemosclarotdf.com.ar\/index.php?rest_route=%2Fwp%2Fv2%2Fcategories&post=67733"},{"taxonomy":"post_tag","embeddable":true,"href":"https:\/\/hablemosclarotdf.com.ar\/index.php?rest_route=%2Fwp%2Fv2%2Ftags&post=67733"}],"curies":[{"name":"wp","href":"https:\/\/api.w.org\/{rel}","templated":true}]}}