{"id":67729,"date":"2026-02-25T06:31:08","date_gmt":"2026-02-25T09:31:08","guid":{"rendered":"https:\/\/hablemosclarotdf.com.ar\/?p=67729"},"modified":"2026-02-25T06:32:38","modified_gmt":"2026-02-25T09:32:38","slug":"la-toma-de-una-fabrica-de-aires-acondicionados-anticipa-una-crisis-industrial-en-tierra-del-fuego","status":"publish","type":"post","link":"https:\/\/hablemosclarotdf.com.ar\/?p=67729","title":{"rendered":"La toma de una f\u00e1brica de aires acondicionados anticipa una crisis industrial en Tierra del Fuego"},"content":{"rendered":"<p>Crisis industrial<\/p>\n<p>La empresa Aires del Sur no paga sueldos hace dos meses y podr\u00eda cerrar. Newsan y Mirgor dejaron de defender el r\u00e9gimen fueguino, que se asoma al absimo.<\/p>\n<p><span class=\"author\"><a href=\"mailto:correo@lapoliticaonline.com\">LPO<\/a><\/span><span class=\"date\"><span class=\"datetime\"><span class=\"time\">24\/02\/2026<\/span><\/span><\/span><\/p>\n<div class=\"bloque1 nota noticia-ar\">\n<div class=\"item\">\n<div class=\"nota-header\">\n<div class=\"as\"><\/div>\n<\/div>\n<div class=\"zleft z75\">\n<div class=\"ad_tn\">\n<div class=\"author-date\">La toma de una f\u00e1brica de aires acondicionados de Tierra del Fuego por sus 140 empleados que no cobran desde el a\u00f1o pasado desnuda un escenario de crisis industrial de un final incierto.<\/div>\n<div class=\"author-date\">La empresa Aires del Sur fue ocupada en las \u00faltimas horas por sus trabajadores, que reclaman que no cobran hace dos meses y temen el cierre.<\/div>\n<\/div>\n<div id=\"vsmcontent\" class=\"body vsmcontent\">\n<p>La cadena de suspensiones y cierres que ya pega en el interior del pa\u00eds empez\u00f3 a penetrar en el r\u00e9gimen de promoci\u00f3n fueguino, que se ve amenazado por la apertura de importaciones dispuesta por el gobierno de Javier Milei.<\/p>\n<p>Aires del Sur se dedica a la fabricaci\u00f3n de equipos de aire acondicionado con la tecnolog\u00eda de la israel\u00ed Electra CP. En Argentina, Aires del Sur comercializa las marcas Electra y Fedders.<\/p>\n<p>Adem\u00e1s de padecer como el resto de las f\u00e1bricas la apertura de importaciones y la ca\u00edda del consumo, Aires del Sur se enfrenta a un futuro cr\u00edtico para el negocio, puesto que el a\u00f1o que viene vencen las medidas antidumping para los aires acondicionados y se espera la entrada feroz al mercado de los equipos chinos. El resultado es cantado y tiene un paralelismo con los microondas, cuya producci\u00f3n local cay\u00f3 un 60% tras el vencimiento del dumping.<\/p>\n<p><a class=\"link-type-content content-type-noticia-ar\" href=\"https:\/\/www.lapoliticaonline.com\/tools\/redirect.php?t=3&amp;i=338465&amp;s=a23514d13fec49a866cabc4b4a1b7f4b\" target=\"_blank\" rel=\"noopener\">Crisis en la industria: Newsan da de baja a 45 trabajadores y suspende a 70 de sus plantas de Avellaneda y Lan\u00fas<\/a><\/p>\n<p>En simult\u00e1neo a la toma de Aires del Sur, la textil Sue\u00f1o Fueguino suspendi\u00f3 a todo su personal por tres meses. En el sector industrial creen que tras la crisis de las textiles del a\u00f1o pasado, ahora ser\u00e1 el turno de las electr\u00f3nicas.<\/p>\n<p>El principal motivo que tienen en Tierra del Fuego para sostener ese pron\u00f3stico es que las dos grandes jugadoras del mercado, beneficiadas hist\u00f3ricamente por el r\u00e9gimen de promoci\u00f3n fueguino, no est\u00e1n peleando por el inter\u00e9s de la isla como en otros a\u00f1os. Tanto Newsan de Rub\u00e9n Cher\u00f1ajovsky como Mirgor de Nicol\u00e1s &#8220;Nicky&#8221; Caputo se diversificaron en otros rubros ajenos a la electr\u00f3nica, acaso previendo un escenario cr\u00edtico como el que se avecina.<\/p>\n<figure class=\"vsmimage\" contenteditable=\"false\"><img loading=\"lazy\" decoding=\"async\" id=\"vsmv10856v98\" contenteditable=\"false\" src=\"https:\/\/www.lapoliticaonline.com\/files\/image\/191\/191195\/647a19e106f5e_798_526!.jpg?s=aa82f8c5a1141733b15df94ed46c543c&amp;d=1764352599\" alt=\"Rub\u00e9n Cher\u00f1ajovsky, due\u00f1o de Newsan.&amp;nbsp;\" width=\"798\" height=\"526\" data-vsmid=\"191195\" data-owidth=\"1500\" data-oheight=\"1000\" data-index=\"0\" \/><\/p>\n<div class=\"media-footer gallery\">\n<div class=\"caption\">Rub\u00e9n Cher\u00f1ajovsky, due\u00f1o de Newsan.<\/div>\n<\/div>\n<\/figure>\n<p><a href=\"https:\/\/www.lapoliticaonline.com\/tools\/redirect.php?t=3&amp;i=337875&amp;s=46aa41ee39a3a0f9ead4caad9a65aad9\" target=\"_blank\" rel=\"noopener\">Como cont\u00f3 LPO<\/a>, Newsan es parte del grupo Edison Energ\u00eda formado en 2025 junto a los hermanos Patricio y Germ\u00e1n Neuss y el fondo Inverlat que en poco tiempo ya se qued\u00f3 con el control de la transportadora Litsa, la hidroel\u00e9ctrica Cempsa, la operadora de la represa Potrerillos en Mendoza,\u00a0<a href=\"https:\/\/www.lapoliticaonline.com\/tools\/redirect.php?t=3&amp;i=333537&amp;s=67e5a2c68ae45079f3369a9ffdb18c42\">el complejo hidroel\u00e9ctrico Cerros Colorados<\/a>\u00a0y las distribuidoras de Tucum\u00e1n (Edet) y Jujuy (Ejesa).<\/p>\n<p>En tanto que Mirgor, referente de la producci\u00f3n de celulares Samsung, se empez\u00f3 a diversificar en el sector agroindustrial y hasta incursion\u00f3 en la log\u00edstica a\u00e9rea de la Campa\u00f1a Ant\u00e1rtica.<\/p>\n<p>Las dos grandes de Tierra del Fuego ya hab\u00edan empezado con sus propias suspensiones. A comienzos de este mes, Newsan no renov\u00f3 los contratos de 45 empleados en sus plantas bonaerenses de Monte Chingolo y Avellaneda, al mismo tiempo que suspendi\u00f3 a otros 70.<\/p>\n<p>Ante un total de 6000 puestos directos que tiene la industria fueguina, los despidos y suspensiones por goteo amenazan a toda la provincia. El a\u00f1o pasado, Mirgor suspendi\u00f3 a m\u00e1s de 300 trabajadores en varias de sus plantas fueguinas. Este mes sumaron otros 11 despedidos del grupo de Caputo. A los 140 trabajadores en vilo de Aires del Sur se agregan 50 despedidos por el cierre de Telecomunicaciones Fueguinas.<\/p>\n<p>Un informe del Centro de Econom\u00eda Pol\u00edtica Argentina (CEPA) revel\u00f3 que hasta noviembre se hab\u00edan perdido 9521 puestos de trabajo en Tierra del Fuego desde que gobierna Milei y se cerraron 256 empresas.<\/p>\n<figure class=\"vsmwidget widget-type-iframe\" contenteditable=\"false\"><iframe loading=\"lazy\" class=\"scribd_iframe_embed\" tabindex=\"0\" title=\"El informe del CEPA\" src=\"https:\/\/www.scribd.com\/embeds\/1003306138\/content?start_page=1&amp;view_mode=scroll&amp;access_key=key-NFjo5DSqZDC7QINviAIs\" width=\"600\" height=\"800\" frameborder=\"0\" scrolling=\"no\" data-auto-height=\"false\" data-aspect-ratio=\"0.7080062794348508\" data-gtm-yt-inspected-16=\"true\" data-gtm-yt-inspected-11=\"true\" data-mce-fragment=\"1\"><\/iframe><\/figure>\n<p>&nbsp;<\/p>\n<\/div>\n<\/div>\n<\/div>\n<div class=\"z25 zright float\">\n<div class=\"zone z25-1\">\n<div class=\"piece banner standard\">\n<div class=\"items\">\n<div class=\"item\">\n<div id=\"MediumRectangle_1\"><\/div>\n<\/div>\n<\/div>\n<\/div>\n<div class=\"separator\"><\/div>\n<div class=\"piece banner standard\">\n<div class=\"items\">\n<div class=\"item\">\n<div id=\"\" class=\"str-ad-unit str-ad-type-banner str-responsive-ad str-responsive str-responsive-placement-square str-responsive-creative-square\" data-testid=\"str-react-ad-unit\" data-str-native-key=\"4308\" data-str-visited-flag=\"true\" data-str-arid=\"b602cd17-9a08-440c-ac9d-e3fb1046c3ad\" data-str-rendered=\"1772010862946\">\n<div class=\"str-react-template\" data-testid=\"str-enhanced-display\">\n<div class=\"str-compiled-template\" data-testid=\"str-compiled-template\">\n<div class=\"str-adunit str-adunit-banner-only str-compiled-template-unenhanced\" data-testid=\"unenhanced-adunit\">\n<div class=\"str-thumbnail-wrapper\" data-tracking-key=\"_pzjpsaui8\"><iframe id=\"b602cd17-9a08-440c-ac9d-e3fb1046c3ad\" class=\"str-thumbnail\" frameborder=\"0\" scrolling=\"no\" data-thumbnail-id=\"3f156b9b-8cf3-483d-b979-01974da1010b\" data-testid=\"adm-iframe\" data-gtm-yt-inspected-16=\"true\" data-gtm-yt-inspected-11=\"true\" data-has-click-listener=\"true\" data-integralas-id-f6cffc9c-6636-01f9-923f-2d3197f020c7=\"\" data-mce-fragment=\"1\"><\/iframe><\/div>\n<div class=\"str-buttons-container\"><\/div>\n<\/div>\n<\/div>\n<\/div>\n<\/div>\n<\/div>\n<\/div>\n<\/div>\n<div class=\"separator\"><\/div>\n<div class=\"piece banner standard\">\n<div class=\"items\">\n<div class=\"item\"><a title=\"Banner\" href=\"https:\/\/www.lapoliticaonline.com\/tools\/redirect.php?url=https%3A%2F%2Fwww.youtube.com%2Fwatch%3Fv%3DrMelMCyoWHc&amp;rt=3&amp;ri=280675&amp;rs=06f59b2f7126415830ee435a98905741\" target=\"_blank\" rel=\"noopener\"><picture><source id=\"imgv10857v139\" srcset=\"\/files\/image\/278\/278997\/698debfa7c9e1-max-width480px_480_!.webp?s=d3764bf7e35261e47552dc97ef0fc3cc&amp;d=1770908784&amp;oe=gif\" type=\"image\/webp\" media=\"(max-width:480px)\" \/><source id=\"imgv10857v140\" srcset=\"\/files\/image\/278\/278997\/698debfa7c9e1-max-width480px_480_!.gif?s=d3764bf7e35261e47552dc97ef0fc3cc&amp;d=1770908784\" media=\"(max-width:480px)\" \/><source id=\"imgv10857v141\" srcset=\"\/files\/image\/278\/278997\/698debfa7c9e1.webp?&amp;oe=gif\" type=\"image\/webp\" \/><img loading=\"lazy\" decoding=\"async\" id=\"imgv09808v2\" src=\"https:\/\/www.lapoliticaonline.com\/files\/image\/278\/278997\/698debfa7c9e1.gif\" alt=\"Banner\" width=\"300\" height=\"250\" border=\"0\" \/><\/picture><\/a><\/div>\n<\/div>\n<\/div>\n<div class=\"separator\"><\/div>\n<div class=\"piece banner standard\">\n<div class=\"items\">\n<div class=\"item\"><a title=\"Banner\" href=\"https:\/\/www.lapoliticaonline.com\/tools\/redirect.php?url=https%3A%2F%2Fwww.bancoprovincia.com.ar%2Fhome%3Futm_source%3Dla_politica_online%26utm_medium%3Dsquare_300%2A600%26utm_id%3D11_2025_PLAZOFIJO&amp;rt=3&amp;ri=96283&amp;rs=1fdd9d1d87ff6da7be64cc2a49727a65\" target=\"_blank\" rel=\"noopener\"><picture><source id=\"imgv10857v142\" srcset=\"\/files\/image\/271\/271169\/6908f719c0747-max-width480px_480_!.webp?s=186b2cca76b2637adafe0de6e0f42680&amp;d=1762195273&amp;oe=gif\" type=\"image\/webp\" media=\"(max-width:480px)\" \/><source id=\"imgv10857v143\" srcset=\"\/files\/image\/271\/271169\/6908f719c0747-max-width480px_480_!.gif?s=186b2cca76b2637adafe0de6e0f42680&amp;d=1762195273\" media=\"(max-width:480px)\" \/><source id=\"imgv10857v144\" srcset=\"\/files\/image\/271\/271169\/6908f719c0747.webp?&amp;oe=gif\" type=\"image\/webp\" \/><img loading=\"lazy\" decoding=\"async\" id=\"imgv09808v3\" src=\"https:\/\/www.lapoliticaonline.com\/files\/image\/271\/271169\/6908f719c0747.gif\" alt=\"Banner\" width=\"300\" height=\"250\" border=\"0\" \/><\/picture><\/a><\/div>\n<\/div>\n<\/div>\n<div class=\"separator\"><\/div>\n<div class=\"piece banner standard\">\n<div class=\"items\">\n<div class=\"item\"><a title=\"Banner\" href=\"https:\/\/www.lapoliticaonline.com\/tools\/redirect.php?url=https%3A%2F%2Fprensachubut.com%2F&amp;rt=3&amp;ri=313815&amp;rs=5924cc2059732c09b81201a74b3917b2\" target=\"_blank\" rel=\"noopener\"><picture><source id=\"imgv10857v145\" srcset=\"\/files\/image\/251\/251767\/67eab9aa1394d-max-width480px_480_!.webp?s=7e7e0166933489e0e031505f39c5d80b&amp;d=1751001174&amp;oe=gif\" type=\"image\/webp\" media=\"(max-width:480px)\" \/><source id=\"imgv10857v146\" srcset=\"\/files\/image\/251\/251767\/67eab9aa1394d-max-width480px_480_!.gif?s=7e7e0166933489e0e031505f39c5d80b&amp;d=1751001174\" media=\"(max-width:480px)\" \/><source id=\"imgv10857v147\" srcset=\"\/files\/image\/251\/251767\/67eab9aa1394d.webp?&amp;oe=gif\" type=\"image\/webp\" \/><img loading=\"lazy\" decoding=\"async\" id=\"imgv09808v4\" src=\"https:\/\/www.lapoliticaonline.com\/files\/image\/251\/251767\/67eab9aa1394d.gif\" alt=\"Banner\" width=\"300\" height=\"250\" border=\"0\" \/><\/picture><\/a><\/div>\n<\/div>\n<\/div>\n<div class=\"separator\"><\/div>\n<div class=\"piece breves standard bordertop title\">\n<div class=\"piecetitle\">Ultimas noticias<\/div>\n<div class=\"items\">\n<div class=\"item\"><span class=\"title\"><a href=\"https:\/\/www.lapoliticaonline.com\/politica\/la-toma-de-una-fabrica-de-aires-acondicionados-anticipa-una-crisis-industrial-en-tierra-del-fuego-6048\/\">La toma de una f\u00e1brica de aires acondicionados anticipa una crisis industrial en Tierra del Fuego<\/a><\/span><\/div>\n<div class=\"separator\"><\/div>\n<div class=\"item\"><span class=\"title\"><a href=\"https:\/\/www.lapoliticaonline.com\/politica\/gendarmeria\/\">Tras disolver la obra social militar, el Gobierno eval\u00faa darle OSDE 210 a Prefectura y Gendarmer\u00eda<\/a><\/span><\/div>\n<div class=\"separator\"><\/div>\n<div class=\"item\"><span class=\"title\"><a href=\"https:\/\/www.lapoliticaonline.com\/politica\/los-estatales-le-piden-paritarias-urgentes-a-kicillof-y-amenazan-con-no-abrir-las-escuelas-el-primer-dia-de-clases-4154\/\">Los estatales le piden paritarias urgentes a Kicillof y amenazan con no abrir las escuelas<\/a><\/span><\/div>\n<div class=\"separator\"><\/div>\n<div class=\"item\"><span class=\"title\"><a href=\"https:\/\/www.lapoliticaonline.com\/politica\/la-canasta-basica-subio-fuerte-en-la-ciudad-y-la-pobreza-en-caba-seria-6-puntos-mayor-a-la-del-indec\/\">La canasta b\u00e1sica subi\u00f3 fuerte en la Ciudad y la pobreza es 6 puntos mayor a la que marca el Indec<\/a><\/span><\/div>\n<div class=\"separator\"><\/div>\n<div class=\"item\"><span class=\"title\"><a href=\"https:\/\/www.lapoliticaonline.com\/politica\/la-afa-suspendio-la-fecha-9-del-torneo-por-la-indagatoria-de-tapia-y-toviggini-9562\/\">La AFA suspendi\u00f3 los partidos de la liga argentina por la indagatoria de Tapia y Toviggino<\/a><\/span><\/div>\n<div class=\"separator\"><\/div>\n<div class=\"item\"><span class=\"title\"><a href=\"https:\/\/www.lapoliticaonline.com\/politica\/el-peronismo-del-interior-aplasto-a-la-campora-en-mendoza-en-una-senal-de-alerta-para-la-candidatura-de-kicillof\/\">El peronismo del interior aplast\u00f3 a La C\u00e1mpora en Mendoza, en una se\u00f1al de alerta para la candidatura de Kicillof<\/a><\/span><\/div>\n<\/div>\n<\/div>\n<div class=\"separator\"><\/div>\n<div class=\"piece banner standard\">\n<div class=\"items\">\n<div class=\"item\"><a title=\"Banner\" href=\"https:\/\/www.lapoliticaonline.com\/tools\/redirect.php?url=https%3A%2F%2Fwww.bancoentrerios.com.ar%2Fpersonas&amp;rt=3&amp;ri=119273&amp;rs=494609e413dec86afc64f1fdb39bbc01\" target=\"_blank\" rel=\"noopener\"><picture><source id=\"imgv10857v148\" srcset=\"\/files\/image\/271\/271157\/6908f348c69e8-max-width480px_480_!.webp?s=13cd6692c1bd3bd3ccee670d563bd461&amp;d=1762194801&amp;oe=gif\" type=\"image\/webp\" media=\"(max-width:480px)\" \/><source id=\"imgv10857v149\" srcset=\"\/files\/image\/271\/271157\/6908f348c69e8-max-width480px_480_!.gif?s=13cd6692c1bd3bd3ccee670d563bd461&amp;d=1762194801\" media=\"(max-width:480px)\" \/><source id=\"imgv10857v150\" srcset=\"\/files\/image\/271\/271157\/6908f348c69e8.webp?&amp;oe=gif\" type=\"image\/webp\" \/><img loading=\"lazy\" decoding=\"async\" id=\"imgv09808v11\" src=\"https:\/\/www.lapoliticaonline.com\/files\/image\/271\/271157\/6908f348c69e8.gif\" alt=\"Banner\" width=\"300\" height=\"250\" border=\"0\" \/><\/picture><\/a><\/div>\n<\/div>\n<\/div>\n<div class=\"separator\"><\/div>\n<div class=\"piece banner standard\">\n<div class=\"items\">\n<div class=\"item\"><a title=\"Banner\" href=\"https:\/\/www.lapoliticaonline.com\/tools\/redirect.php?url=https%3A%2F%2Fpba.bplay.bet.ar%2Fpreregister%3Fmemberid%3D15%26sourceid%3D1&amp;rt=3&amp;ri=244979&amp;rs=1e5769cef6b32125a958f6905da3fd52\" target=\"_blank\" rel=\"noopener\"><picture><source id=\"imgv10857v151\" srcset=\"\/files\/image\/255\/255315\/6823512dbd2bd-max-width480px_480_!.webp?s=82c1c2cbcb6240c271d60bf70eab084b&amp;d=1751002173&amp;oe=gif\" type=\"image\/webp\" media=\"(max-width:480px)\" \/><source id=\"imgv10857v152\" srcset=\"\/files\/image\/255\/255315\/6823512dbd2bd-max-width480px_480_!.gif?s=82c1c2cbcb6240c271d60bf70eab084b&amp;d=1751002173\" media=\"(max-width:480px)\" \/><source id=\"imgv10857v153\" srcset=\"\/files\/image\/255\/255315\/6823512dbd2bd.webp?&amp;oe=gif\" type=\"image\/webp\" \/><img loading=\"lazy\" decoding=\"async\" id=\"imgv09808v12\" src=\"https:\/\/www.lapoliticaonline.com\/files\/image\/255\/255315\/6823512dbd2bd.gif\" alt=\"Banner\" width=\"300\" height=\"250\" border=\"0\" \/><\/picture><\/a><\/div>\n<\/div>\n<\/div>\n<div class=\"separator\"><\/div>\n<div class=\"piece banner standard\">\n<div class=\"items\">\n<div class=\"item\">\n<div id=\"Halfpage_1\">\n<div id=\"610147\/lapoliticaonline.com\/111221\"><iframe width=\"300\" height=\"600\" marginwidth=\"0\" marginheight=\"0\" scrolling=\"no\" data-gtm-yt-inspected-16=\"true\" data-gtm-yt-inspected-11=\"true\" data-mce-fragment=\"1\"><\/iframe><\/div>\n<\/div>\n<\/div>\n<\/div>\n<\/div>\n<div class=\"separator\"><\/div>\n<div class=\"piece banner standard\">\n<div class=\"items\">\n<div class=\"item\">\n<div id=\"Halfpage_2\"><\/div>\n<\/div>\n<\/div>\n<\/div>\n<\/div>\n<div class=\"separator\"><\/div>\n<\/div>\n<div><\/div>\n<\/div>\n<div class=\"separator\"><\/div>\n<div class=\"bloque2 nota noticia-ar\">\n<div class=\"item\">\n<div class=\"zleft z75\">\n<div id=\"copyright\"><strong>Copyright La Politica Online SA 2026.<\/strong><br \/>\nPor favor no corte ni pegue en la web nuestras notas, tiene la posibilidad de redistribuirlas usando nuestras herramientas.<\/div>\n<section id=\"tags-content-339861\" class=\"tag-section\">\n<header class=\"tag-section-header\">Temas de la nota:<\/header>\n<\/section>\n<\/div>\n<\/div>\n<\/div>\n","protected":false},"excerpt":{"rendered":"<p>Crisis industrial La empresa Aires del Sur no paga sueldos hace dos meses y podr\u00eda&#8230;<\/p>\n","protected":false},"author":1,"featured_media":67730,"comment_status":"closed","ping_status":"closed","sticky":false,"template":"","format":"standard","meta":{"footnotes":""},"categories":[3],"tags":[],"class_list":["post-67729","post","type-post","status-publish","format-standard","has-post-thumbnail","hentry","category-noticias"],"jetpack_featured_media_url":"https:\/\/hablemosclarotdf.com.ar\/wp-content\/uploads\/2026\/02\/699e2fd034f63_940_529.webp","_links":{"self":[{"href":"https:\/\/hablemosclarotdf.com.ar\/index.php?rest_route=\/wp\/v2\/posts\/67729","targetHints":{"allow":["GET"]}}],"collection":[{"href":"https:\/\/hablemosclarotdf.com.ar\/index.php?rest_route=\/wp\/v2\/posts"}],"about":[{"href":"https:\/\/hablemosclarotdf.com.ar\/index.php?rest_route=\/wp\/v2\/types\/post"}],"author":[{"embeddable":true,"href":"https:\/\/hablemosclarotdf.com.ar\/index.php?rest_route=\/wp\/v2\/users\/1"}],"replies":[{"embeddable":true,"href":"https:\/\/hablemosclarotdf.com.ar\/index.php?rest_route=%2Fwp%2Fv2%2Fcomments&post=67729"}],"version-history":[{"count":1,"href":"https:\/\/hablemosclarotdf.com.ar\/index.php?rest_route=\/wp\/v2\/posts\/67729\/revisions"}],"predecessor-version":[{"id":67732,"href":"https:\/\/hablemosclarotdf.com.ar\/index.php?rest_route=\/wp\/v2\/posts\/67729\/revisions\/67732"}],"wp:featuredmedia":[{"embeddable":true,"href":"https:\/\/hablemosclarotdf.com.ar\/index.php?rest_route=\/wp\/v2\/media\/67730"}],"wp:attachment":[{"href":"https:\/\/hablemosclarotdf.com.ar\/index.php?rest_route=%2Fwp%2Fv2%2Fmedia&parent=67729"}],"wp:term":[{"taxonomy":"category","embeddable":true,"href":"https:\/\/hablemosclarotdf.com.ar\/index.php?rest_route=%2Fwp%2Fv2%2Fcategories&post=67729"},{"taxonomy":"post_tag","embeddable":true,"href":"https:\/\/hablemosclarotdf.com.ar\/index.php?rest_route=%2Fwp%2Fv2%2Ftags&post=67729"}],"curies":[{"name":"wp","href":"https:\/\/api.w.org\/{rel}","templated":true}]}}