{"id":67674,"date":"2026-02-24T16:58:54","date_gmt":"2026-02-24T19:58:54","guid":{"rendered":"https:\/\/hablemosclarotdf.com.ar\/?p=67674"},"modified":"2026-02-24T16:58:54","modified_gmt":"2026-02-24T19:58:54","slug":"ushuaia-el-municipio-acompano-el-inicio-del-ciclo-lectivo-en-la-escuela-experimental-las-lengas","status":"publish","type":"post","link":"https:\/\/hablemosclarotdf.com.ar\/?p=67674","title":{"rendered":"USHUAIA: EL MUNICIPIO ACOMPA\u00d1\u00d3 EL INICIO DEL CICLO LECTIVO EN LA ESCUELA EXPERIMENTAL LAS LENGAS"},"content":{"rendered":"<p>La jefa de Gabinete de la Municipalidad de Ushuaia, Yesica Garay, recorri\u00f3 este lunes la Escuela Experimental Las Lengas junto a la secretaria de Cultura y Educaci\u00f3n, Bel\u00e9n Molina, en el marco del inicio del ciclo lectivo 2026. Durante la visita acompa\u00f1\u00f3 a docentes, directivos y familias en la apertura de las actividades escolares, reafirmando el compromiso del Municipio con la educaci\u00f3n p\u00fablica.<\/p>\n<p>En ese contexto, se destac\u00f3 que a partir de hoy est\u00e1n garantizados 190 d\u00edas de clases efectivas, resultado del trabajo articulado entre el Estado municipal y la comunidad educativa.<\/p>\n<p>Garay expres\u00f3 que \u201ccada inicio de ciclo lectivo nos renueva el compromiso con la educaci\u00f3n p\u00fablica y con el futuro de nuestra ciudad. Son 190 d\u00edas de clases que representan oportunidades, aprendizaje y crecimiento para nuestros chicos y chicas\u201d.<\/p>\n<p>Asimismo, remarc\u00f3 que \u201ccada d\u00eda en la escuela es presente y futuro para Ushuaia, por eso seguimos acompa\u00f1ando a docentes, directivos y familias en esta tarea fundamental\u201d.<\/p>\n<p>De esta manera, la Municipalidad de Ushuaia contin\u00faa fortaleciendo pol\u00edticas p\u00fablicas orientadas a garantizar m\u00e1s y mejores oportunidades para las nuevas generaciones.<\/p>\n<p><img loading=\"lazy\" decoding=\"async\" class=\"alignnone size-medium wp-image-67676\" src=\"https:\/\/hablemosclarotdf.com.ar\/wp-content\/uploads\/2026\/02\/photo_2026-02-24_16-58-08-300x222.jpg\" alt=\"\" width=\"300\" height=\"222\" srcset=\"https:\/\/hablemosclarotdf.com.ar\/wp-content\/uploads\/2026\/02\/photo_2026-02-24_16-58-08-300x222.jpg 300w, https:\/\/hablemosclarotdf.com.ar\/wp-content\/uploads\/2026\/02\/photo_2026-02-24_16-58-08-1024x758.jpg 1024w, https:\/\/hablemosclarotdf.com.ar\/wp-content\/uploads\/2026\/02\/photo_2026-02-24_16-58-08-768x568.jpg 768w, https:\/\/hablemosclarotdf.com.ar\/wp-content\/uploads\/2026\/02\/photo_2026-02-24_16-58-08.jpg 1280w\" sizes=\"auto, (max-width: 300px) 100vw, 300px\" \/><\/p>\n","protected":false},"excerpt":{"rendered":"<p>La jefa de Gabinete de la Municipalidad de Ushuaia, Yesica Garay, recorri\u00f3 este lunes la&#8230;<\/p>\n","protected":false},"author":1,"featured_media":67675,"comment_status":"closed","ping_status":"closed","sticky":false,"template":"","format":"standard","meta":{"footnotes":""},"categories":[3],"tags":[],"class_list":["post-67674","post","type-post","status-publish","format-standard","has-post-thumbnail","hentry","category-noticias"],"jetpack_featured_media_url":"https:\/\/hablemosclarotdf.com.ar\/wp-content\/uploads\/2026\/02\/photo_2026-02-24_16-57-59.jpg","_links":{"self":[{"href":"https:\/\/hablemosclarotdf.com.ar\/index.php?rest_route=\/wp\/v2\/posts\/67674","targetHints":{"allow":["GET"]}}],"collection":[{"href":"https:\/\/hablemosclarotdf.com.ar\/index.php?rest_route=\/wp\/v2\/posts"}],"about":[{"href":"https:\/\/hablemosclarotdf.com.ar\/index.php?rest_route=\/wp\/v2\/types\/post"}],"author":[{"embeddable":true,"href":"https:\/\/hablemosclarotdf.com.ar\/index.php?rest_route=\/wp\/v2\/users\/1"}],"replies":[{"embeddable":true,"href":"https:\/\/hablemosclarotdf.com.ar\/index.php?rest_route=%2Fwp%2Fv2%2Fcomments&post=67674"}],"version-history":[{"count":1,"href":"https:\/\/hablemosclarotdf.com.ar\/index.php?rest_route=\/wp\/v2\/posts\/67674\/revisions"}],"predecessor-version":[{"id":67677,"href":"https:\/\/hablemosclarotdf.com.ar\/index.php?rest_route=\/wp\/v2\/posts\/67674\/revisions\/67677"}],"wp:featuredmedia":[{"embeddable":true,"href":"https:\/\/hablemosclarotdf.com.ar\/index.php?rest_route=\/wp\/v2\/media\/67675"}],"wp:attachment":[{"href":"https:\/\/hablemosclarotdf.com.ar\/index.php?rest_route=%2Fwp%2Fv2%2Fmedia&parent=67674"}],"wp:term":[{"taxonomy":"category","embeddable":true,"href":"https:\/\/hablemosclarotdf.com.ar\/index.php?rest_route=%2Fwp%2Fv2%2Fcategories&post=67674"},{"taxonomy":"post_tag","embeddable":true,"href":"https:\/\/hablemosclarotdf.com.ar\/index.php?rest_route=%2Fwp%2Fv2%2Ftags&post=67674"}],"curies":[{"name":"wp","href":"https:\/\/api.w.org\/{rel}","templated":true}]}}