{"id":67671,"date":"2026-02-24T16:55:29","date_gmt":"2026-02-24T19:55:29","guid":{"rendered":"https:\/\/hablemosclarotdf.com.ar\/?p=67671"},"modified":"2026-02-24T16:55:29","modified_gmt":"2026-02-24T19:55:29","slug":"ushuaia-el-programa-municipal-filomena-recupera-comenzara-sus-clases-este-25-de-febrero","status":"publish","type":"post","link":"https:\/\/hablemosclarotdf.com.ar\/?p=67671","title":{"rendered":"USHUAIA : EL PROGRAMA MUNICIPAL \u201cFILOMENA RECUPERA\u201d COMENZAR\u00c1 SUS CLASES ESTE 25 DE FEBRERO"},"content":{"rendered":"<p>El programa de apoyo escolar gratuito est\u00e1 destinado a estudiantes de nivel primario y secundario<\/p>\n<p>La Secretar\u00eda de Cultura y Educaci\u00f3n de la Municipalidad de Ushuaia informa a la comunidad que este mi\u00e9rcoles 25 de febrero dar\u00e1 inicio al programa municipal de apoyo escolar \u201cFilomena Recupera\u201d en el Sal\u00f3n de Usos M\u00faltiples del Punto Digital del KyD.<br \/>\nDicha iniciativa, que es parte del programa socioeducativo \u201cFilomena Grasso\u201d, est\u00e1 destinado a estudiantes de nivel primario y secundario, abarcando tanto a ni\u00f1os y ni\u00f1as, como adolescentes, j\u00f3venes y adultos y se dictar\u00e1 de lunes a jueves de 16:00 a 18:00 horas. Qui\u00e9nes deseen participar podr\u00e1n acercarse al centro ubicado en el Punto Digital del KyD o comunicarse al 2901-522730.<br \/>\nBel\u00e9n Molina, secretaria de Cultura y Educaci\u00f3n, explic\u00f3 que \u201ccomo cada a\u00f1o, impulsamos esta instancia de Filomena Grasso buscando acompa\u00f1ar los trayectos acad\u00e9micos de nuestras y nuestros vecinos de todas las edades con clases de recuperaci\u00f3n para afianzar conocimientos\u201d.<br \/>\n\u201cDesde la gesti\u00f3n del intendente Walter Vuoto, seguimos fortaleciendo la educaci\u00f3n, impulsando nuevos espacios e instancias donde ni\u00f1os, ni\u00f1as, adolescentes, j\u00f3venes y adultos adquieran nuevas herramientas para que todos y todas tengan la oportunidad de aprender y crecer\u201d concluy\u00f3 la funcionaria.<br \/>\nPara conocer m\u00e1s sobre \u201cFilomena Recupera\u201d, as\u00ed como las diversas propuestas de acompa\u00f1amiento educativo que la Municipalidad de Ushuaia impulsa, las y los interesados podr\u00e1n visitar las redes de la Secretar\u00eda de Cultura y Educaci\u00f3n en @culturayeducacionush.<\/p>\n","protected":false},"excerpt":{"rendered":"<p>El programa de apoyo escolar gratuito est\u00e1 destinado a estudiantes de nivel primario y secundario&#8230;<\/p>\n","protected":false},"author":1,"featured_media":67672,"comment_status":"closed","ping_status":"closed","sticky":false,"template":"","format":"standard","meta":{"footnotes":""},"categories":[3],"tags":[],"class_list":["post-67671","post","type-post","status-publish","format-standard","has-post-thumbnail","hentry","category-noticias"],"jetpack_featured_media_url":"https:\/\/hablemosclarotdf.com.ar\/wp-content\/uploads\/2026\/02\/photo_2026-02-24_16-54-52.jpg","_links":{"self":[{"href":"https:\/\/hablemosclarotdf.com.ar\/index.php?rest_route=\/wp\/v2\/posts\/67671","targetHints":{"allow":["GET"]}}],"collection":[{"href":"https:\/\/hablemosclarotdf.com.ar\/index.php?rest_route=\/wp\/v2\/posts"}],"about":[{"href":"https:\/\/hablemosclarotdf.com.ar\/index.php?rest_route=\/wp\/v2\/types\/post"}],"author":[{"embeddable":true,"href":"https:\/\/hablemosclarotdf.com.ar\/index.php?rest_route=\/wp\/v2\/users\/1"}],"replies":[{"embeddable":true,"href":"https:\/\/hablemosclarotdf.com.ar\/index.php?rest_route=%2Fwp%2Fv2%2Fcomments&post=67671"}],"version-history":[{"count":1,"href":"https:\/\/hablemosclarotdf.com.ar\/index.php?rest_route=\/wp\/v2\/posts\/67671\/revisions"}],"predecessor-version":[{"id":67673,"href":"https:\/\/hablemosclarotdf.com.ar\/index.php?rest_route=\/wp\/v2\/posts\/67671\/revisions\/67673"}],"wp:featuredmedia":[{"embeddable":true,"href":"https:\/\/hablemosclarotdf.com.ar\/index.php?rest_route=\/wp\/v2\/media\/67672"}],"wp:attachment":[{"href":"https:\/\/hablemosclarotdf.com.ar\/index.php?rest_route=%2Fwp%2Fv2%2Fmedia&parent=67671"}],"wp:term":[{"taxonomy":"category","embeddable":true,"href":"https:\/\/hablemosclarotdf.com.ar\/index.php?rest_route=%2Fwp%2Fv2%2Fcategories&post=67671"},{"taxonomy":"post_tag","embeddable":true,"href":"https:\/\/hablemosclarotdf.com.ar\/index.php?rest_route=%2Fwp%2Fv2%2Ftags&post=67671"}],"curies":[{"name":"wp","href":"https:\/\/api.w.org\/{rel}","templated":true}]}}