{"id":67665,"date":"2026-02-24T14:48:23","date_gmt":"2026-02-24T17:48:23","guid":{"rendered":"https:\/\/hablemosclarotdf.com.ar\/?p=67665"},"modified":"2026-02-24T14:48:23","modified_gmt":"2026-02-24T17:48:23","slug":"el-ente-patagonico-del-deporte-definio-fechas-y-sedes-para-los-juegos-epade-y-paraepade-2026","status":"publish","type":"post","link":"https:\/\/hablemosclarotdf.com.ar\/?p=67665","title":{"rendered":"EL ENTE PATAG\u00d3NICO DEL DEPORTE DEFINI\u00d3 FECHAS Y SEDES PARA LOS JUEGOS EPADE Y PARAEPADE 2026"},"content":{"rendered":"<p>Autoridades de las siete provincias se reunieron en Buenos Aires para coordinar el calendario y los lineamientos t\u00e9cnicos de las competencias.<\/p>\n<p>Con la presencia del Secretario de Deportes de Tierra del Fuego, Mat\u00edas Runin; la Subsecretaria Erica Brice\u00f1o; y el profesor Nahuel Vel\u00e1zquez (Comit\u00e9 Personas con discapacidad), se llev\u00f3 a cabo en la Ciudad Aut\u00f3noma de Buenos Aires la primera reuni\u00f3n ordinaria del Ente Patag\u00f3nico del Deporte. El encuentro, celebrado en la Casa de Neuqu\u00e9n, cont\u00f3 con la participaci\u00f3n de representantes de La Pampa, R\u00edo Negro, Neuqu\u00e9n, Chubut, Santa Cruz y Tierra del Fuego, y tuvo como objetivo definir fechas, sedes y lineamientos t\u00e9cnicos para los Juegos EPADE y ParaEPADE 2026.<\/p>\n<p>Durante la jornada, se confirmaron las fechas y sedes de las pr\u00f3ximas competencias, se acord\u00f3 la optimizaci\u00f3n de los recursos destinados al traslado y alojamiento de las delegaciones, y se avanz\u00f3 en la actualizaci\u00f3n de los reglamentos t\u00e9cnicos. De esta manera, el bloque patag\u00f3nico reafirma su compromiso con el deporte regional y la inclusi\u00f3n.<\/p>\n<p>Los Juegos comenzar\u00e1n en Chubut entre el 13 y el 17 de abril. En esa provincia, Rawson recibir\u00e1 al b\u00e1squet 3 vs. 3 en silla de ruedas y Boccia (de ParaEPADE); en Comodoro Rivadavia competir\u00e1n el atletismo y nataci\u00f3n PCD (ParaEPADE); mientras que en Rada Tilly se har\u00e1 el beach v\u00f3ley (JIP).<\/p>\n<p>La continuidad de los juegos ser\u00e1 del 20 al 24 de abril en Tierra del Fuego y Santa Cruz. R\u00edo Grande recibir\u00e1 al levantamiento ol\u00edmpico, tiro con arco convencional y personas con discapacidad, m\u00e1s tenis de mesa convencional y personas con discapacidad Juegos de la Integraci\u00f3n Patag\u00f3nica (JIP). Mientras que la novedad es la sede de Ushuaia, que recibir\u00e1 al b\u00e1dminton convencional y personas con discapacidad (JIP). En Santa Cruz, Caleta Olivia tendr\u00e1 acci\u00f3n de lucha ol\u00edmpica y Taekwondo (JIP); Mientras que R\u00edo Gallegos recibir\u00e1 a las disciplinas de escalada, gimnasia art\u00edstica y tenis (JIP).<\/p>\n<p>Por cuestiones de calendario, Neuqu\u00e9n ser\u00e1 sede en dos fechas. En principio, del 20 al 24 de abril, la capital neuquina ser\u00e1 anfitriona de la nataci\u00f3n.<\/p>\n<p>Adem\u00e1s, los EPADE comenzar\u00e1n del 17 al 23 de mayo en la ciudad de Neuqu\u00e9n, donde se har\u00e1 el handball y el atletismo. En La Pampa, Santa Rosa recibir\u00e1 al judo, ciclismo y v\u00f3ley; mientras que en R\u00edo Negro habr\u00e1 acci\u00f3n en Viedma con las competencias de f\u00fatbol y b\u00e1squet.<\/p>\n<p>El presidente del Ente Patag\u00f3nico del Deporte, Nahuel Astutti, destac\u00f3: \u201cLa Patagonia sigue demostrando que, a trav\u00e9s de la unidad de sus provincias, el deporte es una pol\u00edtica de Estado que no se detiene. Hemos logrado acuerdos fundamentales para que nuestros atletas sigan teniendo el protagonismo que merecen\u201d.<\/p>\n<p>Las provincias reafirmaron as\u00ed el compromiso de garantizar la participaci\u00f3n de miles de j\u00f3venes y personas con discapacidad, consolidando al bloque patag\u00f3nico como un ejemplo de integraci\u00f3n federal<\/p>\n","protected":false},"excerpt":{"rendered":"<p>Autoridades de las siete provincias se reunieron en Buenos Aires para coordinar el calendario y&#8230;<\/p>\n","protected":false},"author":1,"featured_media":67666,"comment_status":"closed","ping_status":"closed","sticky":false,"template":"","format":"standard","meta":{"footnotes":""},"categories":[3],"tags":[],"class_list":["post-67665","post","type-post","status-publish","format-standard","has-post-thumbnail","hentry","category-noticias"],"jetpack_featured_media_url":"https:\/\/hablemosclarotdf.com.ar\/wp-content\/uploads\/2026\/02\/photo_2026-02-24_14-46-21.jpg","_links":{"self":[{"href":"https:\/\/hablemosclarotdf.com.ar\/index.php?rest_route=\/wp\/v2\/posts\/67665","targetHints":{"allow":["GET"]}}],"collection":[{"href":"https:\/\/hablemosclarotdf.com.ar\/index.php?rest_route=\/wp\/v2\/posts"}],"about":[{"href":"https:\/\/hablemosclarotdf.com.ar\/index.php?rest_route=\/wp\/v2\/types\/post"}],"author":[{"embeddable":true,"href":"https:\/\/hablemosclarotdf.com.ar\/index.php?rest_route=\/wp\/v2\/users\/1"}],"replies":[{"embeddable":true,"href":"https:\/\/hablemosclarotdf.com.ar\/index.php?rest_route=%2Fwp%2Fv2%2Fcomments&post=67665"}],"version-history":[{"count":1,"href":"https:\/\/hablemosclarotdf.com.ar\/index.php?rest_route=\/wp\/v2\/posts\/67665\/revisions"}],"predecessor-version":[{"id":67667,"href":"https:\/\/hablemosclarotdf.com.ar\/index.php?rest_route=\/wp\/v2\/posts\/67665\/revisions\/67667"}],"wp:featuredmedia":[{"embeddable":true,"href":"https:\/\/hablemosclarotdf.com.ar\/index.php?rest_route=\/wp\/v2\/media\/67666"}],"wp:attachment":[{"href":"https:\/\/hablemosclarotdf.com.ar\/index.php?rest_route=%2Fwp%2Fv2%2Fmedia&parent=67665"}],"wp:term":[{"taxonomy":"category","embeddable":true,"href":"https:\/\/hablemosclarotdf.com.ar\/index.php?rest_route=%2Fwp%2Fv2%2Fcategories&post=67665"},{"taxonomy":"post_tag","embeddable":true,"href":"https:\/\/hablemosclarotdf.com.ar\/index.php?rest_route=%2Fwp%2Fv2%2Ftags&post=67665"}],"curies":[{"name":"wp","href":"https:\/\/api.w.org\/{rel}","templated":true}]}}