{"id":67654,"date":"2026-02-24T13:36:48","date_gmt":"2026-02-24T16:36:48","guid":{"rendered":"https:\/\/hablemosclarotdf.com.ar\/?p=67654"},"modified":"2026-02-24T13:36:48","modified_gmt":"2026-02-24T16:36:48","slug":"vialidad-provincial-realiza-trabajos-de-conservacion-en-rutas-estrategicas-de-tierra-del-fuego","status":"publish","type":"post","link":"https:\/\/hablemosclarotdf.com.ar\/?p=67654","title":{"rendered":"VIALIDAD PROVINCIAL REALIZA TRABAJOS DE CONSERVACI\u00d3N EN RUTAS ESTRAT\u00c9GICAS DE TIERRA DEL FUEGO"},"content":{"rendered":"<p>Las tareas se desarrollan en la RP N\u00b0 119 (Reserva Forestal Bombilla) y en la RP N\u00b0 30 (Playa Larga, Ushuaia). Se solicita a los conductores extremar las precauciones.<\/p>\n<p>El coordinador operativo de la Direcci\u00f3n Provincial de Vialidad, Pedro Rovein, inform\u00f3 que ya se inici\u00f3 el traslado de maquinaria hacia la Ruta Provincial N\u00b0 119 \u2013 H\u00e9roes de Malvinas (Reserva Forestal Bombilla) para que este martes comiencen las diferentes tareas programadas. Paralelamente, se trabaja en la Ruta Provincial N\u00b0 30 \u2013 Playa Larga (Ushuaia) con el transporte de material para su pr\u00f3ximo enripiado.<\/p>\n<p>En este sentido, Rovein explic\u00f3: \u201cEstamos llevando adelante un plan de conservaci\u00f3n en dos sectores estrat\u00e9gicos de la red vial. En la Ruta Provincial N\u00b0 119 realizaremos aporte de material, enripiado, limpieza de cunetas y repaso en sectores poseados, como parte del mantenimiento integral previo a la veda invernal\u201d. Y agreg\u00f3: \u201cen la Ruta Provincial N\u00b0 30 \u2013 Playa Larga (Ushuaia), estamos ejecutando el traslado y aporte de material, con el objetivo de preparar la calzada para su pr\u00f3ximo enripiado\u201d.<\/p>\n<p>El funcionario destac\u00f3 que se trata de rutas de alto tr\u00e1fico tur\u00edstico, por lo que solicit\u00f3 a los usuarios \u201ccircular con extrema precauci\u00f3n y respetar la se\u00f1alizaci\u00f3n durante el desarrollo de las tareas. Con estas acciones buscamos optimizar la conservaci\u00f3n de las rutas y garantizar mejores condiciones de circulaci\u00f3n y seguridad vial para la comunidad\u201d.<\/p>\n<p>Vialidad Provincial recuerda a la comunidad que en ambos sectores hay presencia de personal, m\u00e1quinas y camiones trabajando, por lo que se recomienda transitar con extrema precauci\u00f3n y respetar las indicaciones viales.<\/p>\n<p><img loading=\"lazy\" decoding=\"async\" class=\"alignnone size-medium wp-image-67656\" src=\"https:\/\/hablemosclarotdf.com.ar\/wp-content\/uploads\/2026\/02\/photo_2026-02-24_13-34-02-300x200.jpg\" alt=\"\" width=\"300\" height=\"200\" srcset=\"https:\/\/hablemosclarotdf.com.ar\/wp-content\/uploads\/2026\/02\/photo_2026-02-24_13-34-02-300x200.jpg 300w, https:\/\/hablemosclarotdf.com.ar\/wp-content\/uploads\/2026\/02\/photo_2026-02-24_13-34-02-1024x683.jpg 1024w, https:\/\/hablemosclarotdf.com.ar\/wp-content\/uploads\/2026\/02\/photo_2026-02-24_13-34-02-768x512.jpg 768w, https:\/\/hablemosclarotdf.com.ar\/wp-content\/uploads\/2026\/02\/photo_2026-02-24_13-34-02.jpg 1280w\" sizes=\"auto, (max-width: 300px) 100vw, 300px\" \/><\/p>\n<p><img loading=\"lazy\" decoding=\"async\" class=\"alignnone size-medium wp-image-67657\" src=\"https:\/\/hablemosclarotdf.com.ar\/wp-content\/uploads\/2026\/02\/photo_2026-02-24_13-34-09-300x200.jpg\" alt=\"\" width=\"300\" height=\"200\" srcset=\"https:\/\/hablemosclarotdf.com.ar\/wp-content\/uploads\/2026\/02\/photo_2026-02-24_13-34-09-300x200.jpg 300w, https:\/\/hablemosclarotdf.com.ar\/wp-content\/uploads\/2026\/02\/photo_2026-02-24_13-34-09-1024x683.jpg 1024w, https:\/\/hablemosclarotdf.com.ar\/wp-content\/uploads\/2026\/02\/photo_2026-02-24_13-34-09-768x512.jpg 768w, https:\/\/hablemosclarotdf.com.ar\/wp-content\/uploads\/2026\/02\/photo_2026-02-24_13-34-09.jpg 1280w\" sizes=\"auto, (max-width: 300px) 100vw, 300px\" \/><\/p>\n","protected":false},"excerpt":{"rendered":"<p>Las tareas se desarrollan en la RP N\u00b0 119 (Reserva Forestal Bombilla) y en la&#8230;<\/p>\n","protected":false},"author":1,"featured_media":67655,"comment_status":"closed","ping_status":"closed","sticky":false,"template":"","format":"standard","meta":{"footnotes":""},"categories":[3],"tags":[],"class_list":["post-67654","post","type-post","status-publish","format-standard","has-post-thumbnail","hentry","category-noticias"],"jetpack_featured_media_url":"https:\/\/hablemosclarotdf.com.ar\/wp-content\/uploads\/2026\/02\/photo_2026-02-24_13-33-33.jpg","_links":{"self":[{"href":"https:\/\/hablemosclarotdf.com.ar\/index.php?rest_route=\/wp\/v2\/posts\/67654","targetHints":{"allow":["GET"]}}],"collection":[{"href":"https:\/\/hablemosclarotdf.com.ar\/index.php?rest_route=\/wp\/v2\/posts"}],"about":[{"href":"https:\/\/hablemosclarotdf.com.ar\/index.php?rest_route=\/wp\/v2\/types\/post"}],"author":[{"embeddable":true,"href":"https:\/\/hablemosclarotdf.com.ar\/index.php?rest_route=\/wp\/v2\/users\/1"}],"replies":[{"embeddable":true,"href":"https:\/\/hablemosclarotdf.com.ar\/index.php?rest_route=%2Fwp%2Fv2%2Fcomments&post=67654"}],"version-history":[{"count":1,"href":"https:\/\/hablemosclarotdf.com.ar\/index.php?rest_route=\/wp\/v2\/posts\/67654\/revisions"}],"predecessor-version":[{"id":67658,"href":"https:\/\/hablemosclarotdf.com.ar\/index.php?rest_route=\/wp\/v2\/posts\/67654\/revisions\/67658"}],"wp:featuredmedia":[{"embeddable":true,"href":"https:\/\/hablemosclarotdf.com.ar\/index.php?rest_route=\/wp\/v2\/media\/67655"}],"wp:attachment":[{"href":"https:\/\/hablemosclarotdf.com.ar\/index.php?rest_route=%2Fwp%2Fv2%2Fmedia&parent=67654"}],"wp:term":[{"taxonomy":"category","embeddable":true,"href":"https:\/\/hablemosclarotdf.com.ar\/index.php?rest_route=%2Fwp%2Fv2%2Fcategories&post=67654"},{"taxonomy":"post_tag","embeddable":true,"href":"https:\/\/hablemosclarotdf.com.ar\/index.php?rest_route=%2Fwp%2Fv2%2Ftags&post=67654"}],"curies":[{"name":"wp","href":"https:\/\/api.w.org\/{rel}","templated":true}]}}