{"id":67649,"date":"2026-02-24T13:32:01","date_gmt":"2026-02-24T16:32:01","guid":{"rendered":"https:\/\/hablemosclarotdf.com.ar\/?p=67649"},"modified":"2026-02-24T13:32:01","modified_gmt":"2026-02-24T16:32:01","slug":"rio-grande-estan-abiertas-las-inscripciones-a-los-talleres-tecnologicos-2026","status":"publish","type":"post","link":"https:\/\/hablemosclarotdf.com.ar\/?p=67649","title":{"rendered":"RIO GRANDE : EST\u00c1N ABIERTAS LAS INSCRIPCIONES A LOS TALLERES TECNOL\u00d3GICOS 2026"},"content":{"rendered":"<p>Las propuestas se desarrollar\u00e1n en el Espacio Tecnol\u00f3gico y en el Centro de Formaci\u00f3n Laboral y Tecnol\u00f3gica y comenzar\u00e1n el lunes 2 de marzo. Las vecinas y vecinos que asistan a los cursos adquirir\u00e1n herramientas y conceptos digitales que los preparar\u00e1n para lo que ser\u00e1 el futuro laboral a nivel mundial.<\/p>\n<p>El Municipio de R\u00edo Grande informa que se encuentran abiertas las inscripciones para los Talleres Tecnol\u00f3gicos que se dictar\u00e1n en el Espacio Tecnol\u00f3gico, sede situada en Pellegrini 520; as\u00ed como en el Centro de Formaci\u00f3n Laboral y Tecnol\u00f3gica, ubicado en Portol\u00e1n 460.<\/p>\n<p>Las clases dar\u00e1n comienzo el pr\u00f3ximo lunes 2 de marzo y, quienes deseen participar, podr\u00e1n ingresar al link de inscripci\u00f3n para conocer la oferta disponible, as\u00ed como los d\u00edas y horarios de cursada.<\/p>\n<p>Se trata de propuestas que forman parte de las pol\u00edticas p\u00fablicas impulsadas por el Municipio de R\u00edo Grande en pos de fortalecer el acceso a la formaci\u00f3n tecnol\u00f3gica en la ciudad, promoviendo herramientas y conocimientos vinculados al desarrollo digital.<\/p>\n<p>Para mayor informaci\u00f3n, las y los interesados pueden acercarse a cualquiera de las sedes mencionadas o comunicarse al 2964-654663.<\/p>\n<p>Mediante estas iniciativas, R\u00edo Grande contin\u00faa consolidando espacios de capacitaci\u00f3n tecnol\u00f3gica accesibles para toda la comunidad.<\/p>\n<p><img loading=\"lazy\" decoding=\"async\" class=\"alignnone size-full wp-image-67651\" src=\"https:\/\/hablemosclarotdf.com.ar\/wp-content\/uploads\/2026\/02\/photo_2026-02-24_13-30-51.jpg\" alt=\"\" width=\"1080\" height=\"720\" srcset=\"https:\/\/hablemosclarotdf.com.ar\/wp-content\/uploads\/2026\/02\/photo_2026-02-24_13-30-51.jpg 1080w, https:\/\/hablemosclarotdf.com.ar\/wp-content\/uploads\/2026\/02\/photo_2026-02-24_13-30-51-300x200.jpg 300w, https:\/\/hablemosclarotdf.com.ar\/wp-content\/uploads\/2026\/02\/photo_2026-02-24_13-30-51-1024x683.jpg 1024w, https:\/\/hablemosclarotdf.com.ar\/wp-content\/uploads\/2026\/02\/photo_2026-02-24_13-30-51-768x512.jpg 768w\" sizes=\"auto, (max-width: 1080px) 100vw, 1080px\" \/> <img loading=\"lazy\" decoding=\"async\" class=\"alignnone size-full wp-image-67652\" src=\"https:\/\/hablemosclarotdf.com.ar\/wp-content\/uploads\/2026\/02\/photo_2026-02-24_13-30-56.jpg\" alt=\"\" width=\"1280\" height=\"853\" srcset=\"https:\/\/hablemosclarotdf.com.ar\/wp-content\/uploads\/2026\/02\/photo_2026-02-24_13-30-56.jpg 1280w, https:\/\/hablemosclarotdf.com.ar\/wp-content\/uploads\/2026\/02\/photo_2026-02-24_13-30-56-300x200.jpg 300w, https:\/\/hablemosclarotdf.com.ar\/wp-content\/uploads\/2026\/02\/photo_2026-02-24_13-30-56-1024x682.jpg 1024w, https:\/\/hablemosclarotdf.com.ar\/wp-content\/uploads\/2026\/02\/photo_2026-02-24_13-30-56-768x512.jpg 768w\" sizes=\"auto, (max-width: 1280px) 100vw, 1280px\" \/><\/p>\n","protected":false},"excerpt":{"rendered":"<p>Las propuestas se desarrollar\u00e1n en el Espacio Tecnol\u00f3gico y en el Centro de Formaci\u00f3n Laboral&#8230;<\/p>\n","protected":false},"author":1,"featured_media":67650,"comment_status":"closed","ping_status":"closed","sticky":false,"template":"","format":"standard","meta":{"footnotes":""},"categories":[3],"tags":[],"class_list":["post-67649","post","type-post","status-publish","format-standard","has-post-thumbnail","hentry","category-noticias"],"jetpack_featured_media_url":"https:\/\/hablemosclarotdf.com.ar\/wp-content\/uploads\/2026\/02\/photo_2026-02-24_13-30-45.jpg","_links":{"self":[{"href":"https:\/\/hablemosclarotdf.com.ar\/index.php?rest_route=\/wp\/v2\/posts\/67649","targetHints":{"allow":["GET"]}}],"collection":[{"href":"https:\/\/hablemosclarotdf.com.ar\/index.php?rest_route=\/wp\/v2\/posts"}],"about":[{"href":"https:\/\/hablemosclarotdf.com.ar\/index.php?rest_route=\/wp\/v2\/types\/post"}],"author":[{"embeddable":true,"href":"https:\/\/hablemosclarotdf.com.ar\/index.php?rest_route=\/wp\/v2\/users\/1"}],"replies":[{"embeddable":true,"href":"https:\/\/hablemosclarotdf.com.ar\/index.php?rest_route=%2Fwp%2Fv2%2Fcomments&post=67649"}],"version-history":[{"count":1,"href":"https:\/\/hablemosclarotdf.com.ar\/index.php?rest_route=\/wp\/v2\/posts\/67649\/revisions"}],"predecessor-version":[{"id":67653,"href":"https:\/\/hablemosclarotdf.com.ar\/index.php?rest_route=\/wp\/v2\/posts\/67649\/revisions\/67653"}],"wp:featuredmedia":[{"embeddable":true,"href":"https:\/\/hablemosclarotdf.com.ar\/index.php?rest_route=\/wp\/v2\/media\/67650"}],"wp:attachment":[{"href":"https:\/\/hablemosclarotdf.com.ar\/index.php?rest_route=%2Fwp%2Fv2%2Fmedia&parent=67649"}],"wp:term":[{"taxonomy":"category","embeddable":true,"href":"https:\/\/hablemosclarotdf.com.ar\/index.php?rest_route=%2Fwp%2Fv2%2Fcategories&post=67649"},{"taxonomy":"post_tag","embeddable":true,"href":"https:\/\/hablemosclarotdf.com.ar\/index.php?rest_route=%2Fwp%2Fv2%2Ftags&post=67649"}],"curies":[{"name":"wp","href":"https:\/\/api.w.org\/{rel}","templated":true}]}}